{"id":1071,"date":"2025-03-08T13:39:20","date_gmt":"2025-03-08T13:39:20","guid":{"rendered":"https:\/\/bonjourontario.ca\/?p=1071"},"modified":"2025-04-09T13:41:27","modified_gmt":"2025-04-09T13:41:27","slug":"amplifier-la-voix-de-toutes-les-femmes","status":"publish","type":"post","link":"https:\/\/bonjourontario.ca\/?p=1071","title":{"rendered":"Amplifier la voix de toutes les femmes"},"content":{"rendered":"\n<p><strong>Alexia Grousson<\/strong><\/p>\n\n\n\n<p>Depuis plus d\u2019un si\u00e8cle, la Journ\u00e9e internationale des droits des femmes (JIF) est c\u00e9l\u00e9br\u00e9e dans le monde entier le 8 mars. Son origine est li\u00e9e aux luttes des femmes pour leurs droits sociaux, \u00e9conomiques et politiques. Cette Journ\u00e9e mondiale reconna\u00eet et c\u00e9l\u00e8bre leurs r\u00e9alisations, tout en sensibilisant \u00e0 l\u2019in\u00e9galit\u00e9 et \u00e0 la discrimination entre les sexes.<\/p>\n\n\n\n<p><strong>Historique<\/strong><\/p>\n\n\n\n<p>Tout commence au d\u00e9but du XX<sup>e<\/sup> si\u00e8cle, lorsque dans de nombreux pays du monde, les femmes commencent \u00e0 organiser des manifestations et des gr\u00e8ves pour exiger de meilleures conditions de travail, le droit de vote et l\u2019\u00e9galit\u00e9 des droits.<\/p>\n\n\n\n<p>La premi\u00e8re remonte \u00e0 New York, en 1908. Plus de 15 000 femmes travaillant dans les usines textiles ont organis\u00e9 une gr\u00e8ve pour obtenir des horaires all\u00e9g\u00e9s, un meilleur salaire ainsi que le droit de vote. Un an plus tard, la premi\u00e8re Journ\u00e9e nationale de la femme fut proclam\u00e9e par le Parti socialiste am\u00e9ricain. Il s\u2019agit d\u2019un moment marquant dans le mouvement ouvrier f\u00e9minin.<\/p>\n\n\n\n<p>En 1910, au Danemark, Clara Zetkin, militante allemande, propose l\u2019id\u00e9e d\u2019une JIF lors de la deuxi\u00e8me Conf\u00e9rence internationale des femmes socialistes \u00e0 Copenhague. Cette proposition est adopt\u00e9e \u00e0 l\u2019unanimit\u00e9 par les 100 femmes des 17 pays participants.<\/p>\n\n\n\n<p>La premi\u00e8re JIF est ainsi c\u00e9l\u00e9br\u00e9e le 19 mars 1911, dans plusieurs pays europ\u00e9ens tels que l\u2019Autriche, le Danemark, l\u2019Allemagne et la Suisse, avec des rassemblements et des revendications pour l\u2019\u00e9galit\u00e9 et les droits civils.<\/p>\n\n\n\n<p>L\u2019Organisation des Nations Unies (ONU) commence \u00e0 c\u00e9l\u00e9brer officiellement cette Journ\u00e9e en 1975, proclam\u00e9e \u00ab Ann\u00e9e internationale de la femme \u00bb. De plus, l\u2019ONU a choisi le 8 mars comme date symbolique, car ce m\u00eame jour, en 1917, un rassemblement historique de femmes a eu lieu en Russie. Celles-ci sont entr\u00e9es en gr\u00e8ve en plein temps de guerre, pour r\u00e9clamer \u00ab&nbsp;du pain et la paix&nbsp;\u00bb. Quatre jours plus tard, le tsar a \u00e9t\u00e9 contraint d\u2019abdiquer et le gouvernement provisoire leur a accord\u00e9 le droit de vote. Cette date comm\u00e9more ces femmes qui ont jou\u00e9 un r\u00f4le cl\u00e9 dans la R\u00e9volution russe.<\/p>\n\n\n\n<p>Selon le site de la JIF, le violet, vert et le blanc sont les couleurs officielles. On y lit&nbsp;: \u00ab Le violet signifie la justice et la dignit\u00e9. Le vert symbolise l\u2019espoir. Le blanc repr\u00e9sente la puret\u00e9, bien qu\u2019il s\u2019agisse d\u2019un concept controvers\u00e9 \u00bb. Ces couleurs font r\u00e9f\u00e9rence \u00e0 un groupe f\u00e9ministe, la Women&#8217;s Social and Political Union, cr\u00e9\u00e9e au Royaume-Uni en 1903, pour lutter en faveur du droit de vote.<\/p>\n\n\n\n<p><strong>Au Canada<\/strong><\/p>\n\n\n\n<p>La JIF a \u00e9t\u00e9 c\u00e9l\u00e9br\u00e9e pour la premi\u00e8re fois au Canada en 1921 par des groupes f\u00e9ministes. Cependant, elle n\u2019a pas encore acquis une reconnaissance g\u00e9n\u00e9ralis\u00e9e. Au cours des d\u00e9cennies suivantes, des militantes, telles que celles de la F\u00e9d\u00e9ration des femmes canadiennes-fran\u00e7aises, ont continu\u00e9 \u00e0 revendiquer des droits \u00e9gaux et la fin de la discrimination.<\/p>\n\n\n\n<p>Ce n\u2019est qu\u2019en 1981 que le Canada a c\u00e9l\u00e9br\u00e9 la premi\u00e8re JIF \u00e0 l\u2019\u00e9chelle nationale. Lors de la Conf\u00e9rence mondiale sur les femmes \u00e0 P\u00e9kin, en 1995, le Canada s\u2019engage pleinement dans l\u2019Agenda mondial pour l\u2019\u00e9galit\u00e9 des sexes.<\/p>\n\n\n\n<p>Le th\u00e8me choisi par le gouvernement canadien pour cette ann\u00e9e est <em>La force de chaque histoire<\/em>. Il met en \u00e9vidence l\u2019importance d\u2019amplifier la voix de toutes les femmes, en particulier celles qui font face \u00e0 des d\u00e9fis persistants dans leur chemin vers la r\u00e9ussite. Il faut leur offrir des opportunit\u00e9s qui leur permettront de lib\u00e9rer leur potentiel, d\u2019encourager l\u2019innovation et de contribuer \u00e0 un avenir durable.<\/p>\n\n\n\n<p>Aujourd\u2019hui, la JIF est c\u00e9l\u00e9br\u00e9e partout dans le monde pour souligner les progr\u00e8s accomplis en mati\u00e8re de droits des femmes, \u00e9galement pour attirer l\u2019attention sur les in\u00e9galit\u00e9s et les violences persistantes auxquelles elles sont confront\u00e9es. Il s\u2019agit \u00e0 la fois d\u2019un moment de r\u00e9flexion, de revendication et de solidarit\u00e9.<\/p>\n\n\n\n<p><strong>Photo<\/strong> : <strong>(Carrefour des femmes)\u00a0: <\/strong>Lors de la JIF, des r\u00e9sidentes de Sarnia ont \u00e9t\u00e9 r\u00e9compens\u00e9es pour leur participation active dans la communaut\u00e9<strong>.<\/strong><\/p>\n","protected":false},"excerpt":{"rendered":"<p>Alexia Grousson Depuis plus d\u2019un si\u00e8cle, la Journ\u00e9e internationale des droits des femmes (JIF) est c\u00e9l\u00e9br\u00e9e dans le monde entier le 8 mars. Son origine est li\u00e9e aux luttes des femmes pour leurs droits sociaux, \u00e9conomiques et politiques. Cette Journ\u00e9e mondiale reconna\u00eet et c\u00e9l\u00e8bre leurs r\u00e9alisations, tout en sensibilisant \u00e0 l\u2019in\u00e9galit\u00e9 et \u00e0 la discrimination [&hellip;]<\/p>\n","protected":false},"author":4,"featured_media":1072,"comment_status":"open","ping_status":"open","sticky":false,"template":"","format":"standard","meta":{"tdm_status":"","tdm_grid_status":"","footnotes":""},"categories":[1],"tags":[],"class_list":{"0":"post-1071","1":"post","2":"type-post","3":"status-publish","4":"format-standard","5":"has-post-thumbnail","7":"category-uncategorized"},"_links":{"self":[{"href":"https:\/\/bonjourontario.ca\/index.php?rest_route=\/wp\/v2\/posts\/1071","targetHints":{"allow":["GET"]}}],"collection":[{"href":"https:\/\/bonjourontario.ca\/index.php?rest_route=\/wp\/v2\/posts"}],"about":[{"href":"https:\/\/bonjourontario.ca\/index.php?rest_route=\/wp\/v2\/types\/post"}],"author":[{"embeddable":true,"href":"https:\/\/bonjourontario.ca\/index.php?rest_route=\/wp\/v2\/users\/4"}],"replies":[{"embeddable":true,"href":"https:\/\/bonjourontario.ca\/index.php?rest_route=%2Fwp%2Fv2%2Fcomments&post=1071"}],"version-history":[{"count":3,"href":"https:\/\/bonjourontario.ca\/index.php?rest_route=\/wp\/v2\/posts\/1071\/revisions"}],"predecessor-version":[{"id":1075,"href":"https:\/\/bonjourontario.ca\/index.php?rest_route=\/wp\/v2\/posts\/1071\/revisions\/1075"}],"wp:featuredmedia":[{"embeddable":true,"href":"https:\/\/bonjourontario.ca\/index.php?rest_route=\/wp\/v2\/media\/1072"}],"wp:attachment":[{"href":"https:\/\/bonjourontario.ca\/index.php?rest_route=%2Fwp%2Fv2%2Fmedia&parent=1071"}],"wp:term":[{"taxonomy":"category","embeddable":true,"href":"https:\/\/bonjourontario.ca\/index.php?rest_route=%2Fwp%2Fv2%2Fcategories&post=1071"},{"taxonomy":"post_tag","embeddable":true,"href":"https:\/\/bonjourontario.ca\/index.php?rest_route=%2Fwp%2Fv2%2Ftags&post=1071"}],"curies":[{"name":"wp","href":"https:\/\/api.w.org\/{rel}","templated":true}]}}