{"id":1154,"date":"2025-05-24T05:00:00","date_gmt":"2025-05-24T05:00:00","guid":{"rendered":"https:\/\/bonjourontario.ca\/?p=1154"},"modified":"2025-05-22T21:31:34","modified_gmt":"2025-05-22T21:31:34","slug":"robert-prevost-un-premier-pape-americain-a-ete-elu-au-vatican","status":"publish","type":"post","link":"https:\/\/bonjourontario.ca\/?p=1154","title":{"rendered":"Robert Prevost, un premier pape am\u00e9ricain a \u00e9t\u00e9 \u00e9lu au Vatican"},"content":{"rendered":"\n<p><strong>Nicole Winfield<\/strong><\/p>\n\n\n\n<p>Le cardinal Robert Prevost, missionnaire qui a consacr\u00e9 sa carri\u00e8re \u00e0 exercer son minist\u00e8re au P\u00e9rou et qui dirige le puissant dicast\u00e8re des \u00e9v\u00eaques du Vatican, a \u00e9t\u00e9 d\u00e9sign\u00e9 comme le premier pape am\u00e9ricain dans les 2000&nbsp;ans d\u2019histoire de l\u2019\u00c9glise catholique.<\/p>\n\n\n\n<p>Le pape de 69 ans a pris le nom de L\u00e9on&nbsp;XIV.<\/p>\n\n\n\n<p>Le nouveau souverain pontife a fait sa premi\u00e8re apparition aupr\u00e8s de la foule, qui l\u2019a longtemps acclam\u00e9.<\/p>\n\n\n\n<p>Il est apparu sur la loggia de la place Saint-Pierre, v\u00eatu de la traditionnelle cape rouge de la papaut\u00e9 \u2013 \u00e0 laquelle le pape Fran\u00e7ois avait renonc\u00e9 lors de son \u00e9lection en&nbsp;2013.<\/p>\n\n\n\n<p>Le cardinal Prevost \u00e9tait un candidat de premier plan, hormis sa nationalit\u00e9. Un pape am\u00e9ricain \u00e9tait depuis longtemps tabou, compte tenu du pouvoir g\u00e9opolitique d\u00e9j\u00e0 exerc\u00e9 par les \u00c9tats-Unis dans la sph\u00e8re la\u00efque. Mais le religieux originaire de Chicago, semblait \u00e9galement admissible, car il est citoyen p\u00e9ruvien et a v\u00e9cu des ann\u00e9es au P\u00e9rou, d\u2019abord comme missionnaire, puis comme archev\u00eaque.<\/p>\n\n\n\n<p>Fran\u00e7ois avait clairement des vues sur lui et, \u00e0 bien des \u00e9gards, le consid\u00e9rait comme son dauphin. Il l\u2019a nomm\u00e9 au Vatican en 2023 pour diriger le puissant bureau charg\u00e9 de valider les nominations d\u2019\u00e9v\u00eaques du monde entier, l\u2019une des fonctions les plus importantes de l\u2019\u00c9glise catholique. De ce fait, le cardinal Prevost jouissait, avant le conclave, d\u2019une importance que peu d\u2019autres cardinaux poss\u00e8dent.<\/p>\n\n\n\n<p>De la fum\u00e9e blanche s\u2019est \u00e9chapp\u00e9e de la chemin\u00e9e de la chapelle Sixtine et les cloches de la basilique Saint-Pierre ont sonn\u00e9, le jeudi 8 mai, en apr\u00e8s-midi, apr\u00e8s l\u2019\u00e9lection par les cardinaux du 267<sup>e<\/sup>&nbsp;pape \u00e0 la t\u00eate de l\u2019\u00c9glise catholique.<\/p>\n\n\n\n<p>Lorsque la fum\u00e9e blanche s\u2019est r\u00e9pandue dans le ciel, la foule sur la place Saint-Pierre a \u00e9clat\u00e9 en acclamations, les pr\u00eatres ont fait le signe de croix et les religieuses ont pleur\u00e9 tandis que la foule criait \u00ab&nbsp;Viva il papa!\u00bb.<\/p>\n\n\n\n<p>Ce signal de fum\u00e9e signifie que le pape a obtenu au moins 89&nbsp;voix sur les 133&nbsp;cardinaux participant au conclave pour \u00e9lire le successeur du pape Fran\u00e7ois.<\/p>\n\n\n\n<p>Le pr\u00e9sident am\u00e9ricain Donald Trump n\u2019a pas mis de temps \u00e0 se r\u00e9jouir de la nouvelle, affirmant sur son r\u00e9seau social \u00ab&nbsp;qu\u2019il s\u2019agissait d\u2019un grand honneur pour son pays&nbsp;\u00bb.<\/p>\n\n\n\n<p>Pendant une grande partie du si\u00e8cle dernier, le conclave a n\u00e9cessit\u00e9 entre 3&nbsp;et 14&nbsp;tours de scrutin pour d\u00e9signer un pape. Jean-Paul&nbsp;I<sup>er<\/sup> , pape qui a r\u00e9gn\u00e9 33&nbsp;jours en&nbsp;1978, a \u00e9t\u00e9 \u00e9lu au quatri\u00e8me tour. Son successeur, Jean-Paul&nbsp;II, en a eu besoin de huit. Fran\u00e7ois a \u00e9t\u00e9 \u00e9lu au cinqui\u00e8me tour en&nbsp;2013.<\/p>\n\n\n\n<p>Le vote suit une chor\u00e9graphie stricte, dict\u00e9e par la loi eccl\u00e9siastique.<\/p>\n\n\n\n<p>Chaque cardinal inscrit son choix sur un morceau de papier portant l\u2019inscription \u00ab&nbsp;Eligo in summen pontificem&nbsp;\u00bb&nbsp;\u2013&nbsp;\u00ab&nbsp;J\u2019\u00e9lis comme souverain pontife&nbsp;\u00bb. Un par un, ils s\u2019approchent de l\u2019autel et d\u00e9clarent&nbsp;: \u00ab&nbsp;J\u2019en prends \u00e0 t\u00e9moin le Christ Seigneur, qui sera mon juge, que mon vote est donn\u00e9 \u00e0 celui qui, devant Dieu, me semble devoir \u00eatre \u00e9lu.&nbsp;\u00bb<\/p>\n\n\n\n<p>Le bulletin pli\u00e9 est d\u00e9pos\u00e9 sur un plateau rond et vers\u00e9 dans une urne en or et en argent. Une fois d\u00e9pos\u00e9s, les bulletins sont ouverts un par un par trois \u00ab&nbsp;scrutateurs&nbsp;\u00bb&nbsp;: des cardinaux tir\u00e9s au sort qui inscrivent les noms et les lisent \u00e0 voix haute.<\/p>\n\n\n\n<p>Les scrutateurs, dont le travail est v\u00e9rifi\u00e9 par d\u2019autres cardinaux appel\u00e9s r\u00e9viseurs, additionnent ensuite les r\u00e9sultats de chaque tour de scrutin et les inscrivent sur une feuille s\u00e9par\u00e9e, conserv\u00e9e dans les archives pontificales.<\/p>\n\n\n\n<p>Lorsque le scrutateur lit chaque nom, il perce chaque bulletin avec une aiguille, le mot \u00ab&nbsp;Eligo&nbsp;\u00bb. Tous les bulletins sont ensuite li\u00e9s ensemble avec du fil, puis la liasse est mise de c\u00f4t\u00e9 et br\u00fbl\u00e9e dans le po\u00eale de la chapelle avec un produit chimique produisant de la fum\u00e9e.<\/p>\n\n\n\n<p><strong>Source\u00a0<\/strong>: La Presse canadienne<\/p>\n\n\n\n<p><strong>Cr\u00e9dit photo<\/strong>\u00a0: Vatican Media<\/p>\n\n\n\n<p><\/p>\n","protected":false},"excerpt":{"rendered":"<p>Nicole Winfield Le cardinal Robert Prevost, missionnaire qui a consacr\u00e9 sa carri\u00e8re \u00e0 exercer son minist\u00e8re au P\u00e9rou et qui dirige le puissant dicast\u00e8re des \u00e9v\u00eaques du Vatican, a \u00e9t\u00e9 d\u00e9sign\u00e9 comme le premier pape am\u00e9ricain dans les 2000&nbsp;ans d\u2019histoire de l\u2019\u00c9glise catholique. Le pape de 69 ans a pris le nom de L\u00e9on&nbsp;XIV. Le [&hellip;]<\/p>\n","protected":false},"author":8,"featured_media":1155,"comment_status":"open","ping_status":"open","sticky":false,"template":"","format":"standard","meta":{"tdm_status":"","tdm_grid_status":"","footnotes":""},"categories":[1],"tags":[],"class_list":{"0":"post-1154","1":"post","2":"type-post","3":"status-publish","4":"format-standard","5":"has-post-thumbnail","7":"category-uncategorized"},"_links":{"self":[{"href":"https:\/\/bonjourontario.ca\/index.php?rest_route=\/wp\/v2\/posts\/1154","targetHints":{"allow":["GET"]}}],"collection":[{"href":"https:\/\/bonjourontario.ca\/index.php?rest_route=\/wp\/v2\/posts"}],"about":[{"href":"https:\/\/bonjourontario.ca\/index.php?rest_route=\/wp\/v2\/types\/post"}],"author":[{"embeddable":true,"href":"https:\/\/bonjourontario.ca\/index.php?rest_route=\/wp\/v2\/users\/8"}],"replies":[{"embeddable":true,"href":"https:\/\/bonjourontario.ca\/index.php?rest_route=%2Fwp%2Fv2%2Fcomments&post=1154"}],"version-history":[{"count":1,"href":"https:\/\/bonjourontario.ca\/index.php?rest_route=\/wp\/v2\/posts\/1154\/revisions"}],"predecessor-version":[{"id":1156,"href":"https:\/\/bonjourontario.ca\/index.php?rest_route=\/wp\/v2\/posts\/1154\/revisions\/1156"}],"wp:featuredmedia":[{"embeddable":true,"href":"https:\/\/bonjourontario.ca\/index.php?rest_route=\/wp\/v2\/media\/1155"}],"wp:attachment":[{"href":"https:\/\/bonjourontario.ca\/index.php?rest_route=%2Fwp%2Fv2%2Fmedia&parent=1154"}],"wp:term":[{"taxonomy":"category","embeddable":true,"href":"https:\/\/bonjourontario.ca\/index.php?rest_route=%2Fwp%2Fv2%2Fcategories&post=1154"},{"taxonomy":"post_tag","embeddable":true,"href":"https:\/\/bonjourontario.ca\/index.php?rest_route=%2Fwp%2Fv2%2Ftags&post=1154"}],"curies":[{"name":"wp","href":"https:\/\/api.w.org\/{rel}","templated":true}]}}