{"id":1204,"date":"2025-06-28T13:52:49","date_gmt":"2025-06-28T13:52:49","guid":{"rendered":"https:\/\/bonjourontario.ca\/?p=1204"},"modified":"2025-07-03T13:55:15","modified_gmt":"2025-07-03T13:55:15","slug":"lacfo-weck-celebre-lengagement-communautaire","status":"publish","type":"post","link":"https:\/\/bonjourontario.ca\/?p=1204","title":{"rendered":"L\u2019ACFO WECK c\u00e9l\u00e8bre l\u2019engagement communautaire"},"content":{"rendered":"\n<p><strong>Alexia Grousson<\/strong><\/p>\n\n\n\n<p>Lors de son assembl\u00e9e g\u00e9n\u00e9rale annuelle du 16 juin, l\u2019Association des communaut\u00e9s francophones de l\u2019Ontario de Windsor-Essex et Chatham-Kent (ACFO WECK) a rassembl\u00e9 ses membres pour faire le point sur une ann\u00e9e marqu\u00e9e par des projets porteurs, des c\u00e9l\u00e9brations collectives, des d\u00e9fis relev\u00e9s avec r\u00e9silience et une vision affirm\u00e9e pour l\u2019avenir. Cette rencontre fut l\u2019occasion de revenir sur les faits saillants de 2024, mais aussi d\u2019honorer l\u2019engagement profond de celles et ceux qui font vivre la francophonie dans la r\u00e9gion.<\/p>\n\n\n\n<p>Dans son mot de bienvenue, la pr\u00e9sidente Yasmine Joheir, a rappel\u00e9 que l\u2019ACFO WECK est bien plus qu\u2019un organisme\u202f: elle repr\u00e9sente une voix forte, rassembleuse et dynamique au service des francophones de Windsor-Essex et Chatham-Kent.<\/p>\n\n\n\n<p>Elle a soulign\u00e9 que cette mission de d\u00e9fense, d\u2019animation, de d\u00e9veloppement et de concertation est rendue possible gr\u00e2ce \u00e0 l\u2019engagement constant de la communaut\u00e9. \u00ab\u202fVotre pr\u00e9sence, vos id\u00e9es et vos critiques constructives sont pr\u00e9cieuses, elles nous guident au quotidien\u202f\u00bb, a-t-elle d\u00e9clar\u00e9, tout en exprimant sa reconnaissance envers Gis\u00e8le Dionne pour son leadership et son d\u00e9vouement exemplaire.<\/p>\n\n\n\n<p>L\u2019ann\u00e9e 2024 fut particuli\u00e8rement active pour l\u2019ACFO WECK. Parmi les initiatives marquantes, figurent la Journ\u00e9e des Franco-Ontariens avec un lever du drapeau dans sept municipalit\u00e9s, le French Part\u2019Eh, la participation au Festival du livre de Windsor et au Festival international du film de Windsor en parrainant des projections en fran\u00e7ais. Le Mois de l\u2019histoire des Noirs a \u00e9t\u00e9 soulign\u00e9 \u00e0 travers \u00ab\u202fConnexion Affaires\u202f\u00bb, tandis que la francophonie a \u00e9t\u00e9 mise \u00e0 l\u2019honneur avec l\u2019inauguration d\u2019un monument embl\u00e9matique.<\/p>\n\n\n\n<p>Selon Yasmine Joheir, un des moments les plus marquants de l\u2019ann\u00e9e fut l\u2019inauguration du canot, symbole de rassemblement communautaire. Ce type d\u2019\u00e9v\u00e9nement illustre l\u2019\u00e9lan renouvel\u00e9 dont b\u00e9n\u00e9ficie l\u2019ACFO depuis quelques ann\u00e9es. En parall\u00e8le, l\u2019organisme poursuit la mise en \u0153uvre de sa planification strat\u00e9gique 2022-2027, qui s\u2019oriente autour de cinq axes :<\/p>\n\n\n\n<p>mobilisation, accueil, repr\u00e9sentation, concertation et d\u00e9veloppement \u00e9conomique communautaire.<\/p>\n\n\n\n<p>Ces orientations visent \u00e0 renforcer la place du fran\u00e7ais dans la r\u00e9gion, faciliter l\u2019\u00e9tablissement des nouveaux arrivants, repr\u00e9senter efficacement la communaut\u00e9, favoriser les partenariats entre organismes et appuyer les entreprises en fran\u00e7ais.<\/p>\n\n\n\n<p>Yasmine Joheir a poursuivi en affirmant que, \u00ab bien que de nombreux d\u00e9fis subsistent, les bases sont solides pour continuer \u00e0 faire cro\u00eetre l\u2019impact collectif de l\u2019ACFO WECK \u00bb. Trois membres du conseil d\u2019administration, dont elle-m\u00eame, Michel Jasques-Gosselin et Jean-Marie Babo se repr\u00e9sentent pour poursuivre cette mission. Le mot de conclusion est revenu \u00e0 Gis\u00e8le Dionne. Apr\u00e8s de nombreuses ann\u00e9es au service de la communaut\u00e9, Mme Dionne s\u2019appr\u00eate \u00e0 prendre sa retraite. Tr\u00e8s \u00e9mue, elle s\u2019est exprim\u00e9e : \u00ab Mon c\u0153ur d\u00e9borde de gratitude. Merci du fond du c\u0153ur pour votre engagement ind\u00e9fectible envers notre communaut\u00e9. Votre soutien et votre pr\u00e9sence constante ont \u00e9t\u00e9 pour moi une source inestimable de force et de r\u00e9confort. Merci d\u2019avoir toujours \u00e9t\u00e9 l\u00e0. Vous avez marqu\u00e9 mon parcours, et je vous en suis profond\u00e9ment reconnaissante. \u00bb Elle a quitt\u00e9 officiellement ses fonctions le 27 juin.<\/p>\n\n\n\n<p><strong>Photo (Cr\u00e9dit\u00a0: Tom Sobocan)\u00a0:<\/strong> L\u2019installation du monument comm\u00e9moratif des pionniers francophones a \u00e9t\u00e9 un moment fort de la derni\u00e8re ann\u00e9e.<\/p>\n\n\n\n<p><\/p>\n\n\n\n<p><\/p>\n","protected":false},"excerpt":{"rendered":"<p>Alexia Grousson Lors de son assembl\u00e9e g\u00e9n\u00e9rale annuelle du 16 juin, l\u2019Association des communaut\u00e9s francophones de l\u2019Ontario de Windsor-Essex et Chatham-Kent (ACFO WECK) a rassembl\u00e9 ses membres pour faire le point sur une ann\u00e9e marqu\u00e9e par des projets porteurs, des c\u00e9l\u00e9brations collectives, des d\u00e9fis relev\u00e9s avec r\u00e9silience et une vision affirm\u00e9e pour l\u2019avenir. Cette rencontre [&hellip;]<\/p>\n","protected":false},"author":4,"featured_media":1205,"comment_status":"open","ping_status":"open","sticky":false,"template":"","format":"standard","meta":{"tdm_status":"","tdm_grid_status":"","footnotes":""},"categories":[1],"tags":[],"class_list":{"0":"post-1204","1":"post","2":"type-post","3":"status-publish","4":"format-standard","5":"has-post-thumbnail","7":"category-uncategorized"},"_links":{"self":[{"href":"https:\/\/bonjourontario.ca\/index.php?rest_route=\/wp\/v2\/posts\/1204","targetHints":{"allow":["GET"]}}],"collection":[{"href":"https:\/\/bonjourontario.ca\/index.php?rest_route=\/wp\/v2\/posts"}],"about":[{"href":"https:\/\/bonjourontario.ca\/index.php?rest_route=\/wp\/v2\/types\/post"}],"author":[{"embeddable":true,"href":"https:\/\/bonjourontario.ca\/index.php?rest_route=\/wp\/v2\/users\/4"}],"replies":[{"embeddable":true,"href":"https:\/\/bonjourontario.ca\/index.php?rest_route=%2Fwp%2Fv2%2Fcomments&post=1204"}],"version-history":[{"count":1,"href":"https:\/\/bonjourontario.ca\/index.php?rest_route=\/wp\/v2\/posts\/1204\/revisions"}],"predecessor-version":[{"id":1206,"href":"https:\/\/bonjourontario.ca\/index.php?rest_route=\/wp\/v2\/posts\/1204\/revisions\/1206"}],"wp:featuredmedia":[{"embeddable":true,"href":"https:\/\/bonjourontario.ca\/index.php?rest_route=\/wp\/v2\/media\/1205"}],"wp:attachment":[{"href":"https:\/\/bonjourontario.ca\/index.php?rest_route=%2Fwp%2Fv2%2Fmedia&parent=1204"}],"wp:term":[{"taxonomy":"category","embeddable":true,"href":"https:\/\/bonjourontario.ca\/index.php?rest_route=%2Fwp%2Fv2%2Fcategories&post=1204"},{"taxonomy":"post_tag","embeddable":true,"href":"https:\/\/bonjourontario.ca\/index.php?rest_route=%2Fwp%2Fv2%2Ftags&post=1204"}],"curies":[{"name":"wp","href":"https:\/\/api.w.org\/{rel}","templated":true}]}}