{"id":1238,"date":"2025-07-08T12:55:22","date_gmt":"2025-07-08T12:55:22","guid":{"rendered":"https:\/\/bonjourontario.ca\/?p=1238"},"modified":"2025-07-30T18:31:23","modified_gmt":"2025-07-30T18:31:23","slug":"afrofest-2025-celebre-la-diversite-africaine","status":"publish","type":"post","link":"https:\/\/bonjourontario.ca\/?p=1238","title":{"rendered":"Afrofest 2025 c\u00e9l\u00e8bre la diversit\u00e9 africaine"},"content":{"rendered":"\n<p><strong>Bonjour Ontario<\/strong><\/p>\n\n\n\n<p>L\u2019\u00e9dition 2025 d\u2019Afrofest, organis\u00e9e du 4 au 6 juillet au parc Woodbine de Toronto, s\u2019est une fois de plus impos\u00e9e comme un rendez-vous incontournable de la sc\u00e8ne culturelle nord-am\u00e9ricaine. Port\u00e9 depuis 1990 par l\u2019organisme Music Africa, cet \u00e9v\u00e9nement embl\u00e9matique, reconnu pour sa contribution significative \u00e0 la promotion de la diversit\u00e9 culturelle et \u00e0 la lutte contre le racisme anti-noir demeure \u00e0 ce jour l\u2019un des plus grands festivals africains gratuits d\u2019Am\u00e9rique du Nord, r\u00e9unissant sur trois jours plus de 100\u202f000 visiteurs venus d\u00e9couvrir la richesse musicale, artistique et culinaire du continent africain et des Cara\u00efbes.<\/p>\n\n\n\n<p>La programmation artistique s\u2019est distingu\u00e9e par sa diversit\u00e9 musicale, regroupant plus de<\/p>\n\n\n\n<p>55 performances sur deux sc\u00e8nes principales et accueillant des artistes de renom venus de divers pays africains et de la diaspora. Le vendredi, le public a vibr\u00e9 aux sons de DJ Fizz (Tanzanie), Jean Assoma (C\u00f4te d\u2019Ivoire), DJ Lucita (Kenya), DJ Havil (Nigeria) et DJ D Ommy (Tanzanie).<\/p>\n\n\n\n<p>Le samedi s\u2019est poursuivi avec des prestations marquantes de DJ Flowmaster (Kenya), L\u00e9rie Sankofa (C\u00f4te d\u2019Ivoire), du duo Amadou Ki\u00e9nou et Dicko Fils (Burkina Faso), Kibra (\u00c9rythr\u00e9e), Salatiel (Cameroun) et Kidum Kibido &amp; Bodaboda (Kenya), entre autres. Enfin, la journ\u00e9e du dimanche a mis en lumi\u00e8re DJ Biggy (\u00c9thiopie), Tich Maredza Band (Zimbabwe), Kevin Florez (Colombie) et Shina Peters (Nigeria).<\/p>\n\n\n\n<p>La sc\u00e8ne Baobab, pour sa part, s\u2019est consacr\u00e9e \u00e0 la mise en valeur des talents \u00e9mergents, avec une programmation interactive. Des artistes tels que DJ King Bizzy et Asante (Ghana) ont captiv\u00e9 les festivaliers par leur cr\u00e9ativit\u00e9 et leur \u00e9nergie.<\/p>\n\n\n\n<p>Afrofest a \u00e9galement permis \u00e0 plusieurs artistes francophones de s\u2019illustrer. Parmi eux, Rachelle Show, chanteuse afropop congolaise, Amadou Ki\u00e9nou, percussionniste et conteur burkinab\u00e9, Salatiel, auteur-compositeur camerounais m\u00ealant afro-soul et Amapiano (style musical de l\u2019Afrique du Sud), ainsi que le collectif montr\u00e9alais Bant\u00fc Salsa, dirig\u00e9 par Just W\u00f4an, ont transmis au public des sonorit\u00e9s impr\u00e9gn\u00e9es de rythmes traditionnels et modernes, souvent port\u00e9es par la langue fran\u00e7aise.<\/p>\n\n\n\n<p>L\u2019\u00e9dition 2025 s\u2019est \u00e9galement distingu\u00e9e par ses nouvelles initiatives : un concours de DJ Sound Clash, avec un prix de 1000 $, un d\u00e9fil\u00e9 de mode interactif r\u00e9compensant les meilleures tenues africaines et la remise des prix Community Shield, soulignant l\u2019engagement d\u2019acteurs communautaires torontois inspirants. Afrofest a ainsi su s\u2019affirmer comme bien plus qu\u2019un \u00e9v\u00e9nement artistique. C\u2019est un v\u00e9ritable espace de c\u00e9l\u00e9bration, de fiert\u00e9 et d\u2019unit\u00e9, qui incarne l\u2019essence vivante, plurielle et r\u00e9solument moderne de l\u2019Afrique et de ses diasporas.<\/p>\n\n\n\n<p><strong>Photo (Le M\u00e9tropolitain)&nbsp;:<\/strong> L\u2019\u00e9dition 2025 d\u2019Afrofest a r\u00e9uni plus de 100\u202f000&nbsp;visiteurs<strong>.<\/strong><\/p>\n\n\n\n<p><\/p>\n","protected":false},"excerpt":{"rendered":"<p>Bonjour Ontario L\u2019\u00e9dition 2025 d\u2019Afrofest, organis\u00e9e du 4 au 6 juillet au parc Woodbine de Toronto, s\u2019est une fois de plus impos\u00e9e comme un rendez-vous incontournable de la sc\u00e8ne culturelle nord-am\u00e9ricaine. Port\u00e9 depuis 1990 par l\u2019organisme Music Africa, cet \u00e9v\u00e9nement embl\u00e9matique, reconnu pour sa contribution significative \u00e0 la promotion de la diversit\u00e9 culturelle et \u00e0 [&hellip;]<\/p>\n","protected":false},"author":4,"featured_media":1239,"comment_status":"open","ping_status":"open","sticky":false,"template":"","format":"standard","meta":{"tdm_status":"","tdm_grid_status":"","footnotes":""},"categories":[1],"tags":[],"class_list":{"0":"post-1238","1":"post","2":"type-post","3":"status-publish","4":"format-standard","5":"has-post-thumbnail","7":"category-uncategorized"},"_links":{"self":[{"href":"https:\/\/bonjourontario.ca\/index.php?rest_route=\/wp\/v2\/posts\/1238","targetHints":{"allow":["GET"]}}],"collection":[{"href":"https:\/\/bonjourontario.ca\/index.php?rest_route=\/wp\/v2\/posts"}],"about":[{"href":"https:\/\/bonjourontario.ca\/index.php?rest_route=\/wp\/v2\/types\/post"}],"author":[{"embeddable":true,"href":"https:\/\/bonjourontario.ca\/index.php?rest_route=\/wp\/v2\/users\/4"}],"replies":[{"embeddable":true,"href":"https:\/\/bonjourontario.ca\/index.php?rest_route=%2Fwp%2Fv2%2Fcomments&post=1238"}],"version-history":[{"count":2,"href":"https:\/\/bonjourontario.ca\/index.php?rest_route=\/wp\/v2\/posts\/1238\/revisions"}],"predecessor-version":[{"id":1285,"href":"https:\/\/bonjourontario.ca\/index.php?rest_route=\/wp\/v2\/posts\/1238\/revisions\/1285"}],"wp:featuredmedia":[{"embeddable":true,"href":"https:\/\/bonjourontario.ca\/index.php?rest_route=\/wp\/v2\/media\/1239"}],"wp:attachment":[{"href":"https:\/\/bonjourontario.ca\/index.php?rest_route=%2Fwp%2Fv2%2Fmedia&parent=1238"}],"wp:term":[{"taxonomy":"category","embeddable":true,"href":"https:\/\/bonjourontario.ca\/index.php?rest_route=%2Fwp%2Fv2%2Fcategories&post=1238"},{"taxonomy":"post_tag","embeddable":true,"href":"https:\/\/bonjourontario.ca\/index.php?rest_route=%2Fwp%2Fv2%2Ftags&post=1238"}],"curies":[{"name":"wp","href":"https:\/\/api.w.org\/{rel}","templated":true}]}}