{"id":1250,"date":"2025-07-24T05:00:00","date_gmt":"2025-07-24T05:00:00","guid":{"rendered":"https:\/\/bonjourontario.ca\/?p=1250"},"modified":"2025-07-22T13:09:33","modified_gmt":"2025-07-22T13:09:33","slug":"lete-un-moment-pour-ralentir-et-se-recentrer","status":"publish","type":"post","link":"https:\/\/bonjourontario.ca\/?p=1250","title":{"rendered":"L\u2019\u00e9t\u00e9, un moment pour ralentir et se recentrer"},"content":{"rendered":"\n<p><strong>Christiane Beaupr\u00e9<\/strong><\/p>\n\n\n\n<p>Le mois de juillet \u00e9voque les pique-niques au bord de l\u2019eau, les promenades en for\u00eat, les couchers de soleil tardifs et les retrouvailles familiales. Pour plusieurs, l\u2019\u00e9t\u00e9 est synonyme de vacances et de libert\u00e9 retrouv\u00e9e. Pourtant, cette saison attendue avec impatience peut aussi devenir source de stress ou d\u2019inconfort si l\u2019on oublie de prendre soin de sa sant\u00e9 mentale.<\/p>\n\n\n\n<p>Dans un quotidien souvent marqu\u00e9 par un rythme effr\u00e9n\u00e9, les vacances repr\u00e9sentent une rare occasion de ralentir. Cependant, pour qu\u2019elles soient r\u00e9ellement b\u00e9n\u00e9fiques, il faut savoir s\u2019accorder du temps de repos, loin des \u00e9crans et des obligations. L\u2019id\u00e9e n\u2019est pas n\u00e9cessairement de fuir les responsabilit\u00e9s, mais plut\u00f4t de r\u00e9tablir un \u00e9quilibre entre les besoins personnels et les exigences ext\u00e9rieures.<\/p>\n\n\n\n<p>Un pi\u00e8ge courant consiste \u00e0 surcharger l\u2019horaire estival d\u2019activit\u00e9s, de d\u00e9placements ou de visites. M\u00eame si ces moments peuvent \u00eatre agr\u00e9ables, ils peuvent aussi engendrer une certaine fatigue mentale. Apprendre \u00e0 faire de la place au silence, \u00e0 la lecture, \u00e0 la marche ou \u00e0 la d\u00e9tente pure devient alors essentiel. Ralentir, ce n\u2019est pas perdre son temps, c\u2019est au contraire se reconnecter \u00e0 soi-m\u00eame.<\/p>\n\n\n\n<p>Certaines personnes peuvent ressentir une forme d\u2019isolement pendant l\u2019\u00e9t\u00e9. Les services communautaires fonctionnent souvent au ralenti, les proches sont parfois en vacances ailleurs, et les rep\u00e8res habituels se brouillent. Il est donc important de maintenir des liens sociaux, m\u00eame simples&nbsp;: saluer un voisin, discuter au march\u00e9, participer \u00e0 une activit\u00e9 dans un centre local, ou se joindre \u00e0 un groupe de marche.<\/p>\n\n\n\n<p>La nature, facilement accessible dans le Sud-Ouest ontarien, offre un excellent moyen de retrouver un sentiment de calme. Se promener dans un bois\u00e9, fl\u00e2ner sur une plage ou passer du temps pr\u00e8s d\u2019un lac sont autant de gestes simples qui peuvent avoir un impact positif sur l\u2019humeur. Les grands espaces du parc Pointe Pel\u00e9e, les sentiers du parc Rondeau ou les berges du lac Huron offrent des cadres id\u00e9aux pour se recentrer.<\/p>\n\n\n\n<p>Prendre soin de sa sant\u00e9 mentale pendant les vacances, c\u2019est aussi respecter son rythme personnel. Il ne s\u2019agit pas de suivre un mod\u00e8le unique, mais de s\u2019accorder ce qui fait du bien&nbsp;: un sommeil r\u00e9parateur, des repas partag\u00e9s, un retour \u00e0 des activit\u00e9s manuelles ou cr\u00e9atives, ou m\u00eame une pause num\u00e9rique bienvenue.<\/p>\n\n\n\n<p>En cette fin de juillet, il est bon de se rappeler que les vacances ne sont pas une performance. Elles sont avant tout un espace de libert\u00e9 pour ralentir, respirer et retrouver une forme de l\u00e9g\u00e8ret\u00e9 int\u00e9rieure. Une fa\u00e7on toute simple de se pr\u00e9parer \u00e0 une rentr\u00e9e plus \u00e9quilibr\u00e9e.<\/p>\n\n\n\n<p><strong>Photo (Le Rempart)<\/strong>\u00a0: La fontaine d\u2019Amherstburg est install\u00e9e au centre-ville de la municipalit\u00e9 en hommage \u00e0 la premi\u00e8re mairesse de la ville, native de Montr\u00e9al, C\u00e9cile Morasse B\u00e9chard d\u00e9c\u00e9d\u00e9e en 1975.<\/p>\n","protected":false},"excerpt":{"rendered":"<p>Christiane Beaupr\u00e9 Le mois de juillet \u00e9voque les pique-niques au bord de l\u2019eau, les promenades en for\u00eat, les couchers de soleil tardifs et les retrouvailles familiales. Pour plusieurs, l\u2019\u00e9t\u00e9 est synonyme de vacances et de libert\u00e9 retrouv\u00e9e. Pourtant, cette saison attendue avec impatience peut aussi devenir source de stress ou d\u2019inconfort si l\u2019on oublie de [&hellip;]<\/p>\n","protected":false},"author":4,"featured_media":1251,"comment_status":"open","ping_status":"open","sticky":false,"template":"","format":"standard","meta":{"tdm_status":"","tdm_grid_status":"","footnotes":""},"categories":[1],"tags":[],"class_list":{"0":"post-1250","1":"post","2":"type-post","3":"status-publish","4":"format-standard","5":"has-post-thumbnail","7":"category-uncategorized"},"_links":{"self":[{"href":"https:\/\/bonjourontario.ca\/index.php?rest_route=\/wp\/v2\/posts\/1250","targetHints":{"allow":["GET"]}}],"collection":[{"href":"https:\/\/bonjourontario.ca\/index.php?rest_route=\/wp\/v2\/posts"}],"about":[{"href":"https:\/\/bonjourontario.ca\/index.php?rest_route=\/wp\/v2\/types\/post"}],"author":[{"embeddable":true,"href":"https:\/\/bonjourontario.ca\/index.php?rest_route=\/wp\/v2\/users\/4"}],"replies":[{"embeddable":true,"href":"https:\/\/bonjourontario.ca\/index.php?rest_route=%2Fwp%2Fv2%2Fcomments&post=1250"}],"version-history":[{"count":1,"href":"https:\/\/bonjourontario.ca\/index.php?rest_route=\/wp\/v2\/posts\/1250\/revisions"}],"predecessor-version":[{"id":1252,"href":"https:\/\/bonjourontario.ca\/index.php?rest_route=\/wp\/v2\/posts\/1250\/revisions\/1252"}],"wp:featuredmedia":[{"embeddable":true,"href":"https:\/\/bonjourontario.ca\/index.php?rest_route=\/wp\/v2\/media\/1251"}],"wp:attachment":[{"href":"https:\/\/bonjourontario.ca\/index.php?rest_route=%2Fwp%2Fv2%2Fmedia&parent=1250"}],"wp:term":[{"taxonomy":"category","embeddable":true,"href":"https:\/\/bonjourontario.ca\/index.php?rest_route=%2Fwp%2Fv2%2Fcategories&post=1250"},{"taxonomy":"post_tag","embeddable":true,"href":"https:\/\/bonjourontario.ca\/index.php?rest_route=%2Fwp%2Fv2%2Ftags&post=1250"}],"curies":[{"name":"wp","href":"https:\/\/api.w.org\/{rel}","templated":true}]}}