{"id":1454,"date":"2025-09-25T21:35:31","date_gmt":"2025-09-25T21:35:31","guid":{"rendered":"https:\/\/bonjourontario.ca\/?p=1454"},"modified":"2025-10-08T21:40:56","modified_gmt":"2025-10-08T21:40:56","slug":"lontario-celebre-en-grand-le-50e-anniversaire-du-drapeau-franco-ontarien","status":"publish","type":"post","link":"https:\/\/bonjourontario.ca\/?p=1454","title":{"rendered":"L&#8217;Ontario c\u00e9l\u00e8bre en grand le 50e anniversaire du drapeau franco-ontarien"},"content":{"rendered":"\n<p><strong>Chrism\u00e8ne Dorme<\/strong><\/p>\n\n\n\n<p>Le 25 septembre, l&#8217;Ontario a c\u00e9l\u00e9br\u00e9 en grande pompe le 50<sup>e <\/sup>anniversaire du drapeau franco-ontarien, un symbole embl\u00e9matique de plus de 400 ans de pr\u00e9sence francophone dans la province. De Sudbury \u00e0 Toronto, en passant par Hamilton, Windsor et bien d\u2019autres villes, les communaut\u00e9s ont hiss\u00e9 l\u2019\u00e9tendard vert et blanc dans un \u00e9lan de fiert\u00e9, de solidarit\u00e9 et de reconnaissance historique.<\/p>\n\n\n\n<p>Le drapeau franco-ontarien a \u00e9t\u00e9 con\u00e7u en 1975 par Ga\u00e9tan Gervais et son \u00e9tudiant Michel Dupuis, et hiss\u00e9 pour la premi\u00e8re fois le 25 septembre \u00e0 l\u2019Universit\u00e9 de Sudbury. Les couleurs vert et blanc, symbolisent respectivement l&#8217;\u00e9t\u00e9 et l&#8217;hiver. Il int\u00e8gre la fleur de lys, repr\u00e9sentant l&#8217;h\u00e9ritage francophone, et le trille, embl\u00e8me floral de l&#8217;Ontario.<\/p>\n\n\n\n<p>Dans les quatre coins de la province, villes et municipalit\u00e9s ont pris part \u00e0 la f\u00eate. Le message \u00e9tait clair : la flamme francophone doit continuer de briller avec \u00e9clat.<\/p>\n\n\n\n<p>C\u2019est \u00e0 Sudbury, l\u00e0 o\u00f9 tout a commenc\u00e9, que le point culminant des comm\u00e9morations a eu lieu. D\u00e8s le matin, un tintamarre festif a rassembl\u00e9 des centaines de personnes, suivi par la c\u00e9r\u00e9monie officielle du lever du drapeau devant dignitaires et personnalit\u00e9s du milieu francophone qui, tour \u00e0 tour, ont soulign\u00e9 l\u2019impact durable de ce symbole sur la collectivit\u00e9.<\/p>\n\n\n\n<p>Les organismes francophones locaux ont uni leurs efforts pour orchestrer cette journ\u00e9e inoubliable, plac\u00e9e sous le haut patronage de l\u2019honorable Edith Dumont, lieutenante-gouverneure de l\u2019Ontario qui a tenu \u00e0 rappeler&nbsp;: \u00ab Je suis ravie de parrainer ces c\u00e9l\u00e9brations qui rappellent que notre diversit\u00e9 est une richesse et que, ensemble, nous b\u00e2tissons une province forte, bienveillante et ouverte sur le monde \u00bb.<\/p>\n\n\n\n<p>La journ\u00e9e s\u2019est conclue par un banquet, qui a permis \u00e0 la communaut\u00e9 de se retrouver et mettre \u00e0 l\u2019honneur cinq d\u00e9cennies de luttes, d\u2019avanc\u00e9es et de fiert\u00e9 partag\u00e9e.<\/p>\n\n\n\n<p>Inspir\u00e9es par l\u2019exemple de Sudbury, de nombreuses villes ont suivi le mouvement, organisant \u00e0 leur tour des festivit\u00e9s locales.<\/p>\n\n\n\n<p>\u00c0 Toronto, les c\u00e9l\u00e9brations du 50<sup>e<\/sup> anniversaire du drapeau franco-ontarien ont d\u00e9but\u00e9 par un lever du drapeau \u00e0 l\u2019h\u00f4tel de ville, suivi d\u2019une c\u00e9r\u00e9monie officielle r\u00e9unissant \u00e9lus et repr\u00e9sentants francophones. Un concert a ensuite rassembl\u00e9 le public \u00e0 la place Nathan Phillips. En soir\u00e9e, l\u2019Association canadienne-fran\u00e7aise de l\u2019Ontario (ACFO) de Toronto a tenu une conf\u00e9rence au Metro Hall, intitul\u00e9e \u00ab Les services et droits des francophones \u00e0 Toronto&nbsp;: hier, aujourd\u2019hui et demain \u00bb, mettant en lumi\u00e8re les enjeux actuels et les actions \u00e0 entreprendre.<\/p>\n\n\n\n<p>\u00c0 Hamilton, la mairesse Andrea Horwath a soulign\u00e9 la vitalit\u00e9 de la communaut\u00e9 francophone. La d\u00e9put\u00e9e provinciale Sandy Shaw a r\u00e9affirm\u00e9 son appui aux francophones, insistant sur la n\u00e9cessit\u00e9 de soutenir la communaut\u00e9. Toutes deux ont remis un certificat de reconnaissance \u00e0 l\u2019ACFO locale pour son engagement envers la communaut\u00e9.<\/p>\n\n\n\n<p>\u00c0 Windsor, c\u2019est \u00e0 l\u2019h\u00f4tel de ville que la c\u00e9r\u00e9monie du lever du drapeau franco-ontarien s\u2019est tenue rassemblant environ 900 personnes. \u00c0 cette occasion, le maire Drew Dilkens a annonc\u00e9 que le drapeau franco-ontarien flottera d\u00e9sormais en permanence devant l\u2019h\u00f4tel de ville, une d\u00e9cision salu\u00e9e comme un geste fort en faveur de la reconnaissance de la communaut\u00e9 francophone de Windsor-Essex. La c\u00e9r\u00e9monie s\u2019est termin\u00e9e dans une ambiance festive gr\u00e2ce \u00e0 une performance du groupe montr\u00e9alais Lionel Groove particuli\u00e8rement appr\u00e9ci\u00e9 par les jeunes.<\/p>\n\n\n\n<p>\u00c0 London, le Carrefour communautaire francophone a organis\u00e9 un grand \u00e9v\u00e9nement r\u00e9unissant plus de 2000 personnes au Centennial Hall pour l&#8217;occasion. Le d\u00e9put\u00e9 provincial de London Centre Nord, Terence Kernaghan, a soulign\u00e9 l&#8217;importance de la langue fran\u00e7aise comme \u00e9l\u00e9ment cl\u00e9 de l&#8217;identit\u00e9 et de l&#8217;h\u00e9ritage de la communaut\u00e9. Le drapeau franco-ontarien a flott\u00e9 simultan\u00e9ment devant l&#8217;h\u00f4tel de ville de London, et les jeunes participants ont exprim\u00e9 leur joie \u00e0 cette occasion.<\/p>\n\n\n\n<p>Pour clore la journ\u00e9e, un spectacle a mis l&#8217;ambiance et fait danser la jeunesse francophone de London.<\/p>\n\n\n\n<p>C\u2019est ainsi, qu\u2019\u00e0 travers des c\u00e9r\u00e9monies, des spectacles, des expositions et des rassemblements communautaires, les Franco-Ontariennes et Franco-Ontariens ont f\u00eat\u00e9 bien plus qu&#8217;un simple anniversaire, ils ont c\u00e9l\u00e9br\u00e9 fi\u00e8rement la richesse de leur histoire et de leur culture. Ce 50<sup>e <\/sup>anniversaire a permis de r\u00e9fl\u00e9chir \u00e0 l&#8217;importance du drapeau franco-ontarien, un symbole qui rassemble toutes les g\u00e9n\u00e9rations.<\/p>\n\n\n\n<p><strong>Photo<\/strong> : Les \u00e9l\u00e8ves et les participants r\u00e9unis au Centennial Hall \u00e0 London.<\/p>\n","protected":false},"excerpt":{"rendered":"<p>Chrism\u00e8ne Dorme Le 25 septembre, l&#8217;Ontario a c\u00e9l\u00e9br\u00e9 en grande pompe le 50e anniversaire du drapeau franco-ontarien, un symbole embl\u00e9matique de plus de 400 ans de pr\u00e9sence francophone dans la province. De Sudbury \u00e0 Toronto, en passant par Hamilton, Windsor et bien d\u2019autres villes, les communaut\u00e9s ont hiss\u00e9 l\u2019\u00e9tendard vert et blanc dans un \u00e9lan [&hellip;]<\/p>\n","protected":false},"author":8,"featured_media":1455,"comment_status":"open","ping_status":"open","sticky":false,"template":"","format":"standard","meta":{"tdm_status":"","tdm_grid_status":"","footnotes":""},"categories":[1],"tags":[],"class_list":{"0":"post-1454","1":"post","2":"type-post","3":"status-publish","4":"format-standard","5":"has-post-thumbnail","7":"category-uncategorized"},"_links":{"self":[{"href":"https:\/\/bonjourontario.ca\/index.php?rest_route=\/wp\/v2\/posts\/1454","targetHints":{"allow":["GET"]}}],"collection":[{"href":"https:\/\/bonjourontario.ca\/index.php?rest_route=\/wp\/v2\/posts"}],"about":[{"href":"https:\/\/bonjourontario.ca\/index.php?rest_route=\/wp\/v2\/types\/post"}],"author":[{"embeddable":true,"href":"https:\/\/bonjourontario.ca\/index.php?rest_route=\/wp\/v2\/users\/8"}],"replies":[{"embeddable":true,"href":"https:\/\/bonjourontario.ca\/index.php?rest_route=%2Fwp%2Fv2%2Fcomments&post=1454"}],"version-history":[{"count":1,"href":"https:\/\/bonjourontario.ca\/index.php?rest_route=\/wp\/v2\/posts\/1454\/revisions"}],"predecessor-version":[{"id":1456,"href":"https:\/\/bonjourontario.ca\/index.php?rest_route=\/wp\/v2\/posts\/1454\/revisions\/1456"}],"wp:featuredmedia":[{"embeddable":true,"href":"https:\/\/bonjourontario.ca\/index.php?rest_route=\/wp\/v2\/media\/1455"}],"wp:attachment":[{"href":"https:\/\/bonjourontario.ca\/index.php?rest_route=%2Fwp%2Fv2%2Fmedia&parent=1454"}],"wp:term":[{"taxonomy":"category","embeddable":true,"href":"https:\/\/bonjourontario.ca\/index.php?rest_route=%2Fwp%2Fv2%2Fcategories&post=1454"},{"taxonomy":"post_tag","embeddable":true,"href":"https:\/\/bonjourontario.ca\/index.php?rest_route=%2Fwp%2Fv2%2Ftags&post=1454"}],"curies":[{"name":"wp","href":"https:\/\/api.w.org\/{rel}","templated":true}]}}