{"id":1457,"date":"2025-09-30T21:41:15","date_gmt":"2025-09-30T21:41:15","guid":{"rendered":"https:\/\/bonjourontario.ca\/?p=1457"},"modified":"2025-10-08T21:48:47","modified_gmt":"2025-10-08T21:48:47","slug":"lontario-souligne-la-journee-nationale-de-la-verite-et-de-la-reconciliation","status":"publish","type":"post","link":"https:\/\/bonjourontario.ca\/?p=1457","title":{"rendered":"L\u2019Ontario souligne la Journ\u00e9e nationale de la v\u00e9rit\u00e9 et de la r\u00e9conciliation"},"content":{"rendered":"\n<p><strong>Chrism\u00e8ne Dorme<\/strong><\/p>\n\n\n\n<p>Le 30 septembre, l\u2019Ontario a particip\u00e9 \u00e0 la Journ\u00e9e nationale de la v\u00e9rit\u00e9 et de la r\u00e9conciliation, une occasion de se souvenir des enfants autochtones qui ont \u00e9t\u00e9 envoy\u00e9s dans les pensionnats, souvent loin de leur famille et de leur communaut\u00e9. Plusieurs d\u2019entre eux n\u2019en sont jamais revenus.<\/p>\n\n\n\n<p>Partout au Canada, des rassemblements communautaires et activit\u00e9s \u00e9ducatives ont \u00e9t\u00e9 organis\u00e9s pour souligner cette journ\u00e9e. Le chandail orange, port\u00e9 par de nombreuses personnes, est devenu un symbole fort. De ce fait, des \u00e9coles, des centres communautaires et des institutions publiques ont arbor\u00e9 la couleur orange en soutien \u00e0 la cause. Ce symbole est inspir\u00e9 de l\u2019histoire de Phyllis Webstad, \u00e0 qui l\u2019on avait retir\u00e9, \u00e0 six ans, le chandail orange offert par sa grand-m\u00e8re lors de sa premi\u00e8re rentr\u00e9e dans un pensionnat.<\/p>\n\n\n\n<p>En Ontario, plusieurs conseils scolaires ont marqu\u00e9 cette journ\u00e9e dans leurs \u00e9tablissements par diverses initiatives.<\/p>\n\n\n\n<p>Le Conseil scolaire catholique Csc MonAvenir de Toronto et le Centre \u00e9ducatif La Bo\u00eete \u00e0 soleil de Welland ont organis\u00e9 des ateliers de collage o\u00f9 ils ont \u00e9crit \u00ab chaque enfant compte \u00bb sur des affiches et des banni\u00e8res. Ces activit\u00e9s, qui incluent \u00e9galement la peinture de roches et la cr\u00e9ation de bracelets, ont donn\u00e9 une dimension artistique et symbolique \u00e0 cette journ\u00e9e .<\/p>\n\n\n\n<p>Comme l\u2019explique Tammy Bibeau, responsable des programmes au Centre \u00e9ducatif La Bo\u00eete \u00e0 soleil : \u00ab Ces activit\u00e9s visaient \u00e0 souligner l\u2019importance de respecter la journ\u00e9e de la r\u00e9conciliation, et que le personnel ainsi que les enfants apprennent de leur h\u00e9ritage. Il est crucial de partager cette histoire importante pour que l\u2019on puisse avancer ensemble vers un avenir plus juste \u00bb.<\/p>\n\n\n\n<p>En effet les activit\u00e9s mises en place ont \u00e9t\u00e9 adapt\u00e9es aux diff\u00e9rentes tranches d\u2019\u00e2ge de 0&nbsp;\u00e0&nbsp;12 ans. Chaque groupe a port\u00e9 le chandail orange en signe de solidarit\u00e9 et le personnel a proc\u00e9d\u00e9 \u00e0 la lecture de livres p\u00e9dagogiques sur le sujet. L\u2019objectif \u00e9tait d\u2019impr\u00e9gner les enfants des valeurs de respect, d\u2019amour et d\u2019inclusion, m\u00eame \u00e0 un \u00e2ge pr\u00e9coce.<\/p>\n\n\n\n<p>Mme Bibeau ajoute : \u00ab Le respect et l\u2019amour sont des valeurs essentielles. Bien que les enfants soient encore jeunes et aient du mal \u00e0 comprendre la complexit\u00e9 de cette histoire, nos partenariats nous permettent d\u2019adapter les activit\u00e9s pour qu\u2019elles soient accessibles tout en mettant en avant l&#8217;importance du chandail orange \u00bb.<\/p>\n\n\n\n<p>Ces gestes, bien que symboliques, t\u00e9moignent d\u2019un engagement clair des conseils scolaires \u00e0 promouvoir la sensibilisation d\u00e8s le plus jeune \u00e2ge.<\/p>\n\n\n\n<p>\u00ab Nous esp\u00e9rons que ce geste, aussi simple soit-il, leur permettra de comprendre que tout le monde m\u00e9rite d&#8217;\u00eatre respect\u00e9 et que, peu importe d&#8217;o\u00f9 l\u2019on vient, nous sommes tous \u00e9gaux \u00bb, conclut Mme Bibeau.<\/p>\n\n\n\n<p>Dans l\u2019ensemble de la province, cette d\u00e9marche de r\u00e9conciliation \u00e0 long terme est une occasion pour les jeunes g\u00e9n\u00e9rations de mieux comprendre l\u2019histoire des peuples autochtones et d\u2019\u00eatre sensibilis\u00e9es \u00e0 l\u2019importance de pr\u00e9server et de valoriser leur culture.<\/p>\n\n\n\n<p><strong>Photo\u00a0: <\/strong>Des c\u0153urs orange dessin\u00e9s par les enfants. (Cr\u00e9dit La Boite \u00e0 soleil)<\/p>\n","protected":false},"excerpt":{"rendered":"<p>Chrism\u00e8ne Dorme Le 30 septembre, l\u2019Ontario a particip\u00e9 \u00e0 la Journ\u00e9e nationale de la v\u00e9rit\u00e9 et de la r\u00e9conciliation, une occasion de se souvenir des enfants autochtones qui ont \u00e9t\u00e9 envoy\u00e9s dans les pensionnats, souvent loin de leur famille et de leur communaut\u00e9. Plusieurs d\u2019entre eux n\u2019en sont jamais revenus. Partout au Canada, des rassemblements [&hellip;]<\/p>\n","protected":false},"author":8,"featured_media":1459,"comment_status":"open","ping_status":"open","sticky":false,"template":"","format":"standard","meta":{"tdm_status":"","tdm_grid_status":"","footnotes":""},"categories":[1],"tags":[],"class_list":{"0":"post-1457","1":"post","2":"type-post","3":"status-publish","4":"format-standard","5":"has-post-thumbnail","7":"category-uncategorized"},"_links":{"self":[{"href":"https:\/\/bonjourontario.ca\/index.php?rest_route=\/wp\/v2\/posts\/1457","targetHints":{"allow":["GET"]}}],"collection":[{"href":"https:\/\/bonjourontario.ca\/index.php?rest_route=\/wp\/v2\/posts"}],"about":[{"href":"https:\/\/bonjourontario.ca\/index.php?rest_route=\/wp\/v2\/types\/post"}],"author":[{"embeddable":true,"href":"https:\/\/bonjourontario.ca\/index.php?rest_route=\/wp\/v2\/users\/8"}],"replies":[{"embeddable":true,"href":"https:\/\/bonjourontario.ca\/index.php?rest_route=%2Fwp%2Fv2%2Fcomments&post=1457"}],"version-history":[{"count":1,"href":"https:\/\/bonjourontario.ca\/index.php?rest_route=\/wp\/v2\/posts\/1457\/revisions"}],"predecessor-version":[{"id":1460,"href":"https:\/\/bonjourontario.ca\/index.php?rest_route=\/wp\/v2\/posts\/1457\/revisions\/1460"}],"wp:featuredmedia":[{"embeddable":true,"href":"https:\/\/bonjourontario.ca\/index.php?rest_route=\/wp\/v2\/media\/1459"}],"wp:attachment":[{"href":"https:\/\/bonjourontario.ca\/index.php?rest_route=%2Fwp%2Fv2%2Fmedia&parent=1457"}],"wp:term":[{"taxonomy":"category","embeddable":true,"href":"https:\/\/bonjourontario.ca\/index.php?rest_route=%2Fwp%2Fv2%2Fcategories&post=1457"},{"taxonomy":"post_tag","embeddable":true,"href":"https:\/\/bonjourontario.ca\/index.php?rest_route=%2Fwp%2Fv2%2Ftags&post=1457"}],"curies":[{"name":"wp","href":"https:\/\/api.w.org\/{rel}","templated":true}]}}