{"id":1617,"date":"2025-10-03T14:56:58","date_gmt":"2025-10-03T14:56:58","guid":{"rendered":"https:\/\/bonjourontario.ca\/?p=1617"},"modified":"2025-11-11T14:58:17","modified_gmt":"2025-11-11T14:58:17","slug":"la-journee-nationale-des-aines-est-soulignee-dans-le-sud-ouest-ontarien","status":"publish","type":"post","link":"https:\/\/bonjourontario.ca\/?p=1617","title":{"rendered":"La Journ\u00e9e nationale des a\u00een\u00e9s est soulign\u00e9e dans le Sud-Ouest ontarien"},"content":{"rendered":"\n<p><strong>Chrism\u00e8ne Dorme<\/strong><\/p>\n\n\n\n<p>Le 1<sup>er<\/sup>&nbsp;octobre, \u00e0 l\u2019occasion de la Journ\u00e9e nationale des a\u00een\u00e9s, plusieurs organismes francophones de la r\u00e9gion ont mis les plus \u00e2g\u00e9s \u00e0 l\u2019honneur \u00e0 travers des initiatives \u00e0 la fois chaleureuses, \u00e9ducatives et interg\u00e9n\u00e9rationnelles.<\/p>\n\n\n\n<p>Qu\u2019il s\u2019agisse de marches sant\u00e9, d\u2019ateliers cr\u00e9atifs ou de moments de bien-\u00eatre, l\u2019objectif \u00e9tait de rendre hommage aux a\u00een\u00e9s tout en semant des valeurs de respect et de reconnaissance chez les plus jeunes. De Welland \u00e0 Toronto, en passant par Sarnia, ces c\u00e9l\u00e9brations ont mis en lumi\u00e8re l\u2019importance du dialogue entre les g\u00e9n\u00e9rations.<\/p>\n\n\n\n<p>\u00c0 Welland, le Centre \u00e9ducatif La Bo\u00eete \u00e0 soleil a saisi cette occasion pour renforcer les liens entre jeunes enfants et a\u00een\u00e9s dans le cadre de son programme intitul\u00e9 \u00ab&nbsp;Nos petits soleils&nbsp;\u00bb. Plusieurs de ses garderies ont mis en \u0153uvre des activit\u00e9s con\u00e7ues pour encourager des \u00e9changes significatifs entre les tout-petits et les personnes \u00e2g\u00e9es.<\/p>\n\n\n\n<p>Les enfants ont r\u00e9alis\u00e9 des cartes personnalis\u00e9es et des bricolages color\u00e9s \u00e0 l\u2019intention des a\u00een\u00e9s. Une promenade sant\u00e9 a \u00e9galement \u00e9t\u00e9 organis\u00e9e permettant aux jeunes et aux moins jeunes de passer un moment actif et convivial ensemble.<\/p>\n\n\n\n<p>\u00ab&nbsp;Ce fut une merveilleuse occasion pour sensibiliser les enfants \u00e0 la richesse des interactions entre g\u00e9n\u00e9rations et \u00e0 l\u2019importance de respecter, honorer et reconna\u00eetre nos a\u00een\u00e9s&nbsp;\u00bb, a soulign\u00e9 Danielle Carbert, directrice du marketing et des communications \u00e0 La Bo\u00eete \u00e0 soleil.<\/p>\n\n\n\n<p>Selon Mme Carbert, ces moments de partage ont une valeur \u00e9ducative essentielle&nbsp;:&nbsp;ils permettent d\u2019inculquer aux enfants, d\u00e8s le plus jeune \u00e2ge, des valeurs de respect, d\u2019\u00e9coute et de gratitude envers les personnes \u00e2g\u00e9es.<\/p>\n\n\n\n<p>De son c\u00f4t\u00e9, le Centre communautaire francophone de Sarnia (CCFS) a organis\u00e9 une activit\u00e9 \u00e0 la fois physique et symbolique&nbsp;:&nbsp;une marche avec b\u00e2tons, en partenariat avec le Club de marche local. L\u2019\u00e9v\u00e9nement s\u2019est d\u00e9roul\u00e9 dans une ambiance conviviale et bienveillante.<\/p>\n\n\n\n<p>Ce moment, rythm\u00e9 par les pas et les conversations, a permis de renforcer les liens sociaux tout en profitant des bienfaits de l\u2019activit\u00e9 physique en plein air.<\/p>\n\n\n\n<p>Le Centre francophone du Grand Toronto, fid\u00e8le \u00e0 sa mission de soutien aux francophones de tous \u00e2ges, a mis sur pied une journ\u00e9e de rencontres et de bien-\u00eatre con\u00e7ue pour les personnes \u00e2g\u00e9es de 50&nbsp;ans et plus. L&#8217;activit\u00e9 avait pour but de promouvoir la sant\u00e9 physique et mentale, tout en cr\u00e9ant un espace d\u2019\u00e9change chaleureux. Au programme&nbsp;:&nbsp;s\u00e9ance de yoga sur chaise, discussion sur la sant\u00e9, conseils pratiques pour favoriser un mode de vie \u00e9quilibr\u00e9. Le tout s\u2019est d\u00e9roul\u00e9 dans une ambiance d\u00e9tendue autour d\u2019un repas et d\u2019une collation.<\/p>\n\n\n\n<p>Cette journ\u00e9e avait pour finalit\u00e9 d\u2019offrir aux participants un espace o\u00f9 ils se sentent \u00e9cout\u00e9s, valoris\u00e9s et encourag\u00e9s \u00e0 prendre soin d\u2019eux-m\u00eames, tout en renfor\u00e7ant leur sentiment d\u2019appartenance \u00e0 la communaut\u00e9.<\/p>\n\n\n\n<p>Ces diff\u00e9rentes initiatives t\u00e9moignent d\u2019une volont\u00e9 commune&nbsp;:&nbsp;c\u00e9l\u00e9brer les a\u00een\u00e9s non seulement pour leur \u00e2ge, mais pour leur savoir, leur v\u00e9cu, leur r\u00e9silience et leur r\u00f4le fondamental dans la transmission des valeurs.<\/p>\n\n\n\n<p><strong>Photo<\/strong>\u00a0: Une farandole interg\u00e9n\u00e9rationnelle (Cr\u00e9dit : La Bo\u00eete \u00e0 soleil)<\/p>\n","protected":false},"excerpt":{"rendered":"<p>Chrism\u00e8ne Dorme Le 1er&nbsp;octobre, \u00e0 l\u2019occasion de la Journ\u00e9e nationale des a\u00een\u00e9s, plusieurs organismes francophones de la r\u00e9gion ont mis les plus \u00e2g\u00e9s \u00e0 l\u2019honneur \u00e0 travers des initiatives \u00e0 la fois chaleureuses, \u00e9ducatives et interg\u00e9n\u00e9rationnelles. Qu\u2019il s\u2019agisse de marches sant\u00e9, d\u2019ateliers cr\u00e9atifs ou de moments de bien-\u00eatre, l\u2019objectif \u00e9tait de rendre hommage aux a\u00een\u00e9s [&hellip;]<\/p>\n","protected":false},"author":8,"featured_media":1618,"comment_status":"open","ping_status":"open","sticky":false,"template":"","format":"standard","meta":{"tdm_status":"","tdm_grid_status":"","footnotes":""},"categories":[1],"tags":[],"class_list":{"0":"post-1617","1":"post","2":"type-post","3":"status-publish","4":"format-standard","5":"has-post-thumbnail","7":"category-uncategorized"},"_links":{"self":[{"href":"https:\/\/bonjourontario.ca\/index.php?rest_route=\/wp\/v2\/posts\/1617","targetHints":{"allow":["GET"]}}],"collection":[{"href":"https:\/\/bonjourontario.ca\/index.php?rest_route=\/wp\/v2\/posts"}],"about":[{"href":"https:\/\/bonjourontario.ca\/index.php?rest_route=\/wp\/v2\/types\/post"}],"author":[{"embeddable":true,"href":"https:\/\/bonjourontario.ca\/index.php?rest_route=\/wp\/v2\/users\/8"}],"replies":[{"embeddable":true,"href":"https:\/\/bonjourontario.ca\/index.php?rest_route=%2Fwp%2Fv2%2Fcomments&post=1617"}],"version-history":[{"count":1,"href":"https:\/\/bonjourontario.ca\/index.php?rest_route=\/wp\/v2\/posts\/1617\/revisions"}],"predecessor-version":[{"id":1619,"href":"https:\/\/bonjourontario.ca\/index.php?rest_route=\/wp\/v2\/posts\/1617\/revisions\/1619"}],"wp:featuredmedia":[{"embeddable":true,"href":"https:\/\/bonjourontario.ca\/index.php?rest_route=\/wp\/v2\/media\/1618"}],"wp:attachment":[{"href":"https:\/\/bonjourontario.ca\/index.php?rest_route=%2Fwp%2Fv2%2Fmedia&parent=1617"}],"wp:term":[{"taxonomy":"category","embeddable":true,"href":"https:\/\/bonjourontario.ca\/index.php?rest_route=%2Fwp%2Fv2%2Fcategories&post=1617"},{"taxonomy":"post_tag","embeddable":true,"href":"https:\/\/bonjourontario.ca\/index.php?rest_route=%2Fwp%2Fv2%2Ftags&post=1617"}],"curies":[{"name":"wp","href":"https:\/\/api.w.org\/{rel}","templated":true}]}}