{"id":2136,"date":"2026-01-22T17:03:59","date_gmt":"2026-01-22T17:03:59","guid":{"rendered":"https:\/\/bonjourontario.ca\/?p=2136"},"modified":"2026-01-08T19:07:17","modified_gmt":"2026-01-08T19:07:17","slug":"le-gala-acirt-2025-celebre-la-richesse-des-cultures","status":"publish","type":"post","link":"https:\/\/bonjourontario.ca\/?p=2136","title":{"rendered":"Le gala ACIRT 2025 c\u00e9l\u00e8bre la richesse des cultures"},"content":{"rendered":"\n<p><strong>Chrism\u00e8ne Dorme<\/strong><\/p>\n\n\n\n<p>Le mois dernier, Toronto a vibr\u00e9 au rythme d\u2019un \u00e9v\u00e9nement d\u2019envergure organis\u00e9 par l\u2019Association de la communaut\u00e9 ivoirienne de la r\u00e9gion de Toronto (ACIRT). Plus de 300&nbsp;personnes ont pris part \u00e0 cette soir\u00e9e \u00e0 la fois festive et charg\u00e9e d\u2019\u00e9motion, c\u00e9l\u00e9brant l\u2019engagement, la diversit\u00e9 et les r\u00e9ussites des communaut\u00e9s africaines, avec une attention particuli\u00e8re port\u00e9e \u00e0 la communaut\u00e9 ivoirienne.<\/p>\n\n\n\n<p>Devenu un rendez-vous incontournable, le gala s\u2019est articul\u00e9 autour du th\u00e8me&nbsp;<em>Unis dans la richesse de nos cultures<\/em>, un message fort mettant en valeur la solidarit\u00e9 et la diversit\u00e9 au sein des communaut\u00e9s afrodescendantes. Cette \u00e9dition a \u00e9galement accord\u00e9 une place centrale \u00e0 un enjeu aussi sensible qu\u2019essentiel : la sant\u00e9 mentale des femmes issues de la diversit\u00e9.<\/p>\n\n\n\n<p>Le pr\u00e9sident de l\u2019ACIRT, Hermane Ligu\u00e9, s\u2019est r\u00e9joui de la forte mobilisation du public. \u00ab&nbsp;Les gens ont r\u00e9pondu pr\u00e9sent comme l\u2019an dernier&nbsp;\u00bb, a-t-il soulign\u00e9. Il a salu\u00e9 la participation active des communaut\u00e9s guin\u00e9enne, burkinab\u00e8, malienne et nig\u00e9rienne, venues t\u00e9moigner d\u2019une solidarit\u00e9 interculturelle vivante. \u00ab&nbsp;Tous ensemble, nous avons c\u00e9l\u00e9br\u00e9 la richesse, la diversit\u00e9 et la solidarit\u00e9 des cultures africaines&nbsp;\u00bb, a-t-il ajout\u00e9.<\/p>\n\n\n\n<p>L\u2019\u00e9v\u00e9nement a \u00e9galement rassembl\u00e9 plusieurs personnalit\u00e9s. La ministre provinciale Natalia Kusendova-Bashta, est intervenue par visioconf\u00e9rence pour saluer la contribution essentielle des communaut\u00e9s noires francophones \u00e0 la vitalit\u00e9 sociale, culturelle et \u00e9conomique du Canada. \u00c9taient aussi pr\u00e9sents Peter Dawes, consul honoraire de la C\u00f4te d\u2019Ivoire \u00e0 Toronto, ainsi que Kazir Coulibaly, consul honoraire de la C\u00f4te d\u2019Ivoire en Alberta.<\/p>\n\n\n\n<p>De nombreux partenaires institutionnels ont contribu\u00e9 au succ\u00e8s de la soir\u00e9e, notamment le Conseil scolaire catholique MonAvenir, repr\u00e9sent\u00e9 par le vice-pr\u00e9sident Marcellin Kwilu Mondo, le surintendant de l\u2019\u00e9ducation du Conseil Viamonde, Hugues Kamga Wambo, le Coll\u00e8ge La Cit\u00e9, le Coll\u00e8ge Bor\u00e9al, l\u2019Universit\u00e9 de l\u2019Ontario fran\u00e7ais et le Centre de sant\u00e9 communautaire TAIBU. Leur soutien a permis \u00e0 l\u2019ACIRT de d\u00e9ployer, tout au long de l\u2019ann\u00e9e, plusieurs programmes au b\u00e9n\u00e9fice de la communaut\u00e9. \u00ab&nbsp;Ils nous accompagnent dans notre vision et jouent un r\u00f4le cl\u00e9 dans la mise en \u0153uvre de nos actions&nbsp;\u00bb, a pr\u00e9cis\u00e9 M. Ligu\u00e9.<\/p>\n\n\n\n<p>L\u2019un des moments forts de la soir\u00e9e a \u00e9t\u00e9 consacr\u00e9 \u00e0 la sant\u00e9 mentale des femmes issues de l\u2019immigration, un sujet encore largement tabou dans de nombreuses cultures. Pour le pr\u00e9sident de l\u2019ACIRT, il \u00e9tait indispensable de \u00ab lever le voile \u00bb sur cette r\u00e9alit\u00e9, compte tenu du r\u00f4le central que jouent les femmes au sein des familles et des communaut\u00e9s. Les interventions des partenaires et les t\u00e9moignages partag\u00e9s ont mis en lumi\u00e8re les d\u00e9fis auxquels ces femmes sont confront\u00e9es, tout en lan\u00e7ant un appel clair \u00e0 l\u2019implication des hommes, invit\u00e9s \u00e0 soutenir et encourager les femmes.<\/p>\n\n\n\n<p>La r\u00e9ussite du gala et spectacle Ivoire&nbsp;2025 repose \u00e9galement sur l\u2019engagement d\u2019une soixantaine de b\u00e9n\u00e9voles, qualifi\u00e9s de v\u00e9ritable \u00ab c\u0153ur battant \u00bb de l\u2019Association. En l\u2019absence de subventions r\u00e9currentes, leur d\u00e9vouement, leur temps et leur \u00e9nergie demeurent essentiels \u00e0 la tenue de ce type d\u2019\u00e9v\u00e9nement.<\/p>\n\n\n\n<p>En fin de soir\u00e9e, Michael Kerzner, d\u00e9put\u00e9 de York Centre, a remis des certificats de reconnaissance \u00e0 plusieurs membres de la communaut\u00e9, dont Georgette Amihere, cofondatrice de l\u2019organisme People of Motherland, Justine Gogoua, Dayoro Jacqueline Gnaore, ainsi que F\u00e9licit\u00e9 Dibi, directrice g\u00e9n\u00e9rale du Groupe d\u2019action f\u00e9minin francophone de l\u2019Ontario. Toutes ont \u00e9t\u00e9 distingu\u00e9es par leurs pairs pour leurs ann\u00e9es d\u2019engagement au service des communaut\u00e9s ivoirienne et africaine au Canada. Un hommage a \u00e9galement \u00e9t\u00e9 rendu aux a\u00een\u00e9s, piliers historiques du soutien \u00e0 l\u2019ACIRT.<\/p>\n\n\n\n<p>Forte de ce succ\u00e8s, l\u2019association se projette d\u00e9j\u00e0 vers l\u2019avenir. L\u2019ann\u00e9e 2026 sera plac\u00e9e sous le signe de l\u2019entrepreneuriat, afin de promouvoir une \u00e9conomie participative et collaborative. Un projet de centre r\u00e9cr\u00e9atif destin\u00e9 aux communaut\u00e9s afrodescendantes est \u00e9galement \u00e0 l\u2019\u00e9tude.<\/p>\n\n\n\n<p>Avec cette \u00e9dition 2025, le Gala spectacle Ivoire confirme son r\u00f4le de catalyseur de dialogue, de solidarit\u00e9 et de d\u00e9veloppement communautaire, tout en ouvrant la voie \u00e0 des initiatives porteuses d\u2019avenir.<\/p>\n\n\n\n<p><strong>Photo\u00a0(Cr\u00e9dit ACIRT)\u00a0: <\/strong>De gauche \u00e0 droite, Hermane Ligu\u00e9, Marcellin Kwilu Mondo et Dominique Dawan<\/p>\n\n\n\n<p><\/p>\n","protected":false},"excerpt":{"rendered":"<p>Chrism\u00e8ne Dorme Le mois dernier, Toronto a vibr\u00e9 au rythme d\u2019un \u00e9v\u00e9nement d\u2019envergure organis\u00e9 par l\u2019Association de la communaut\u00e9 ivoirienne de la r\u00e9gion de Toronto (ACIRT). Plus de 300&nbsp;personnes ont pris part \u00e0 cette soir\u00e9e \u00e0 la fois festive et charg\u00e9e d\u2019\u00e9motion, c\u00e9l\u00e9brant l\u2019engagement, la diversit\u00e9 et les r\u00e9ussites des communaut\u00e9s africaines, avec une attention [&hellip;]<\/p>\n","protected":false},"author":8,"featured_media":2137,"comment_status":"open","ping_status":"open","sticky":false,"template":"","format":"standard","meta":{"tdm_status":"","tdm_grid_status":"","footnotes":""},"categories":[1],"tags":[],"class_list":{"0":"post-2136","1":"post","2":"type-post","3":"status-publish","4":"format-standard","5":"has-post-thumbnail","7":"category-uncategorized"},"_links":{"self":[{"href":"https:\/\/bonjourontario.ca\/index.php?rest_route=\/wp\/v2\/posts\/2136","targetHints":{"allow":["GET"]}}],"collection":[{"href":"https:\/\/bonjourontario.ca\/index.php?rest_route=\/wp\/v2\/posts"}],"about":[{"href":"https:\/\/bonjourontario.ca\/index.php?rest_route=\/wp\/v2\/types\/post"}],"author":[{"embeddable":true,"href":"https:\/\/bonjourontario.ca\/index.php?rest_route=\/wp\/v2\/users\/8"}],"replies":[{"embeddable":true,"href":"https:\/\/bonjourontario.ca\/index.php?rest_route=%2Fwp%2Fv2%2Fcomments&post=2136"}],"version-history":[{"count":1,"href":"https:\/\/bonjourontario.ca\/index.php?rest_route=\/wp\/v2\/posts\/2136\/revisions"}],"predecessor-version":[{"id":2138,"href":"https:\/\/bonjourontario.ca\/index.php?rest_route=\/wp\/v2\/posts\/2136\/revisions\/2138"}],"wp:featuredmedia":[{"embeddable":true,"href":"https:\/\/bonjourontario.ca\/index.php?rest_route=\/wp\/v2\/media\/2137"}],"wp:attachment":[{"href":"https:\/\/bonjourontario.ca\/index.php?rest_route=%2Fwp%2Fv2%2Fmedia&parent=2136"}],"wp:term":[{"taxonomy":"category","embeddable":true,"href":"https:\/\/bonjourontario.ca\/index.php?rest_route=%2Fwp%2Fv2%2Fcategories&post=2136"},{"taxonomy":"post_tag","embeddable":true,"href":"https:\/\/bonjourontario.ca\/index.php?rest_route=%2Fwp%2Fv2%2Ftags&post=2136"}],"curies":[{"name":"wp","href":"https:\/\/api.w.org\/{rel}","templated":true}]}}