{"id":2191,"date":"2026-03-05T21:53:44","date_gmt":"2026-03-05T21:53:44","guid":{"rendered":"https:\/\/bonjourontario.ca\/?p=2191"},"modified":"2026-03-11T21:54:59","modified_gmt":"2026-03-11T21:54:59","slug":"en-mars-un-rappel-des-luttes-et-des-avancees-pour-les-droits-des-femmes","status":"publish","type":"post","link":"https:\/\/bonjourontario.ca\/?p=2191","title":{"rendered":"En mars, un rappel des luttes et des avanc\u00e9es pour les droits des femmes"},"content":{"rendered":"\n<p><strong>Ola\u00efsha Francis<\/strong><\/p>\n\n\n\n<p>Chaque ann\u00e9e, le 8 mars, le monde se pare de violet en symbole de justice, de dignit\u00e9 et de pouvoir f\u00e9minin pour c\u00e9l\u00e9brer la <em>Journ\u00e9e internationale des droits des femmes<\/em>. Si cette date est aujourd\u2019hui ancr\u00e9e dans nos m\u00e9moires, il est essentiel de se rappeler qu\u2019elle n\u2019est pas n\u00e9e d\u2019une volont\u00e9 commerciale, mais du souffle des luttes sociales du d\u00e9but du XX<sup>e<\/sup> si\u00e8cle.<\/p>\n\n\n\n<p>Dans un contexte d\u2019industrialisation rapide et de conditions de travail difficiles, des ouvri\u00e8res se mobilisent en Am\u00e9rique du Nord et en Europe pour r\u00e9clamer de meilleurs salaires, des horaires plus justes et le droit de vote. En 1910, lors d\u2019une conf\u00e9rence internationale \u00e0 Copenhague, la militante allemande Clara Zetkin propose l\u2019id\u00e9e d\u2019une journ\u00e9e consacr\u00e9e aux droits des femmes. L\u2019initiative est ensuite adopt\u00e9e par plusieurs pays.<\/p>\n\n\n\n<p>Officialis\u00e9e par l\u2019Organisme des Nations Unies en 1977, cette journ\u00e9e rend hommage \u00e0 celles qui ont os\u00e9 briser le silence. Elle rappelle que les droits dont nous jouissons aujourd\u2019hui comme voter, travailler, disposer de notre corps et autres sont le fruit de combats acharn\u00e9s et non des acquis naturels.<\/p>\n\n\n\n<p>Au-del\u00e0 des chiffres et des revendications politiques, le 8&nbsp;mars est une invitation \u00e0 regarder autour de nous et l\u2019occasion de c\u00e9l\u00e9brer la r\u00e9silience de la m\u00e8re qui jongle entre carri\u00e8re et vie de famille, l\u2019audace de l\u2019\u00e9tudiante qui s\u2019impose dans des fili\u00e8res scientifique, technologique ou politique, ou la force de l\u2019activiste qui d\u00e9nonce les violences.<\/p>\n\n\n\n<p>C\u2019est aussi un moment de lucidit\u00e9. Malgr\u00e9 les progr\u00e8s, les disparit\u00e9s salariales persistent et l\u2019acc\u00e8s \u00e0 l\u2019\u00e9ducation ou \u00e0 la sant\u00e9 reste un d\u00e9fi pour des millions de femmes. C\u00e9l\u00e9brer cette journ\u00e9e, c\u2019est reconna\u00eetre que chaque geste compte : \u00e9couter une voix qu\u2019on ignorait, encourager une ambition, ou d\u00e9construire un st\u00e9r\u00e9otype au quotidien.<\/p>\n\n\n\n<p>Le 8 mars ne s\u2019adresse pas qu\u2019aux femmes mais \u00e0 tout le monde. L\u2019\u00e9galit\u00e9 est un facteur de progr\u00e8s collectif. Une soci\u00e9t\u00e9 respectueuse des droits des femmes est une plus juste, plus stable et innovante.<\/p>\n\n\n\n<p><strong>Photo\u00a0:<\/strong> Le 8 mars, l\u2019influenceuse et f\u00e9ministe engag\u00e9e Anne-Marie Gagn\u00e9 a donn\u00e9 une conf\u00e9rence \u00e0 Toronto pour Oasis Centre des femmes. (Cr\u00e9dit\u00a0: <em>Le M\u00e9tropolitain<\/em>)<\/p>\n","protected":false},"excerpt":{"rendered":"<p>Ola\u00efsha Francis Chaque ann\u00e9e, le 8 mars, le monde se pare de violet en symbole de justice, de dignit\u00e9 et de pouvoir f\u00e9minin pour c\u00e9l\u00e9brer la Journ\u00e9e internationale des droits des femmes. Si cette date est aujourd\u2019hui ancr\u00e9e dans nos m\u00e9moires, il est essentiel de se rappeler qu\u2019elle n\u2019est pas n\u00e9e d\u2019une volont\u00e9 commerciale, mais [&hellip;]<\/p>\n","protected":false},"author":4,"featured_media":2192,"comment_status":"open","ping_status":"open","sticky":false,"template":"","format":"standard","meta":{"tdm_status":"","tdm_grid_status":"","footnotes":""},"categories":[1],"tags":[],"class_list":{"0":"post-2191","1":"post","2":"type-post","3":"status-publish","4":"format-standard","5":"has-post-thumbnail","7":"category-uncategorized"},"_links":{"self":[{"href":"https:\/\/bonjourontario.ca\/index.php?rest_route=\/wp\/v2\/posts\/2191","targetHints":{"allow":["GET"]}}],"collection":[{"href":"https:\/\/bonjourontario.ca\/index.php?rest_route=\/wp\/v2\/posts"}],"about":[{"href":"https:\/\/bonjourontario.ca\/index.php?rest_route=\/wp\/v2\/types\/post"}],"author":[{"embeddable":true,"href":"https:\/\/bonjourontario.ca\/index.php?rest_route=\/wp\/v2\/users\/4"}],"replies":[{"embeddable":true,"href":"https:\/\/bonjourontario.ca\/index.php?rest_route=%2Fwp%2Fv2%2Fcomments&post=2191"}],"version-history":[{"count":1,"href":"https:\/\/bonjourontario.ca\/index.php?rest_route=\/wp\/v2\/posts\/2191\/revisions"}],"predecessor-version":[{"id":2193,"href":"https:\/\/bonjourontario.ca\/index.php?rest_route=\/wp\/v2\/posts\/2191\/revisions\/2193"}],"wp:featuredmedia":[{"embeddable":true,"href":"https:\/\/bonjourontario.ca\/index.php?rest_route=\/wp\/v2\/media\/2192"}],"wp:attachment":[{"href":"https:\/\/bonjourontario.ca\/index.php?rest_route=%2Fwp%2Fv2%2Fmedia&parent=2191"}],"wp:term":[{"taxonomy":"category","embeddable":true,"href":"https:\/\/bonjourontario.ca\/index.php?rest_route=%2Fwp%2Fv2%2Fcategories&post=2191"},{"taxonomy":"post_tag","embeddable":true,"href":"https:\/\/bonjourontario.ca\/index.php?rest_route=%2Fwp%2Fv2%2Ftags&post=2191"}],"curies":[{"name":"wp","href":"https:\/\/api.w.org\/{rel}","templated":true}]}}