{"id":2197,"date":"2026-03-16T05:00:00","date_gmt":"2026-03-16T05:00:00","guid":{"rendered":"https:\/\/bonjourontario.ca\/?p=2197"},"modified":"2026-03-12T20:26:50","modified_gmt":"2026-03-12T20:26:50","slug":"damien-robitaille-et-lou-adriane-cassidy-se-succederont-sur-la-scene-du-theatre-paradise","status":"publish","type":"post","link":"https:\/\/bonjourontario.ca\/?p=2197","title":{"rendered":"Damien Robitaille et Lou-Adriane Cassidy se succ\u00e9deront sur la sc\u00e8ne du Th\u00e9\u00e2tre Paradise"},"content":{"rendered":"\n<p><strong>Alexia Grousson<\/strong><\/p>\n\n\n\n<p>Francophonie en F\u00eate organise la cinqui\u00e8me \u00e9dition de <em>Bonjour Printemps<\/em> dans le cadre de la Semaine de la Francophonie \u00e0 Toronto. Deux spectacles musicaux auront lieu au Th\u00e9\u00e2tre Paradise, une salle de concert r\u00e9put\u00e9e pour sa qualit\u00e9 acoustique et son d\u00e9cor qui rappelle le charme des anciens th\u00e9\u00e2tres. Cette activit\u00e9, qui aura lieu fin mars, se veut une vitrine culturelle francophone au moment de l\u2019ann\u00e9e o\u00f9 les manifestations de ce type sont moins nombreuses.<\/p>\n\n\n\n<p>\u00ab Nous voulions r\u00e9pondre \u00e0 un manque d\u2019\u00e9v\u00e9nements musicaux francophones au printemps, une p\u00e9riode o\u00f9 il y en a peu, contrairement \u00e0 l\u2019\u00e9t\u00e9. Il est important pour nous d\u2019assurer une pr\u00e9sence francophone tout au long de l\u2019ann\u00e9e et de participer au maximum aux \u00e9v\u00e9nements culturels de la ville \u00bb, confie Jacques Charette, directeur g\u00e9n\u00e9ral de Francophonie en F\u00eate.<\/p>\n\n\n\n<p>Ces deux concerts attirent particuli\u00e8rement l\u2019attention des amateurs de musique. Le 26 mars, Damien Robitaille montera sur sc\u00e8ne. Artiste originaire du village de Lafontaine, il est reconnu pour sa carri\u00e8re d\u2019auteur-compositeur-interpr\u00e8te et de multi-instrumentiste. Apr\u00e8s des \u00e9tudes en musique classique et une victoire notable au concours Francouvertes au d\u00e9but des ann\u00e9es 2000, il s\u2019est impos\u00e9 au Qu\u00e9bec et sur la sc\u00e8ne francophone avec une discographie de plusieurs albums marqu\u00e9s par un humour subtil et une approche musicale originale. L\u2019artiste a aussi \u00e9largi sa notori\u00e9t\u00e9 gr\u00e2ce \u00e0 des vid\u00e9os o\u00f9 il interpr\u00e8te des reprises en jouant de tous les instruments lui-m\u00eame, touchant un public plus large, durant la pand\u00e9mie. Il vient \u00e9galement de sortir un nouvel album intitul\u00e9 <em>Ultraviolet<\/em>.<\/p>\n\n\n\n<p>Puis le 28&nbsp;mars, cette m\u00eame sc\u00e8ne accueillera Lou-Adriane Cassidy, une auteure-compositrice-interpr\u00e8te qu\u00e9b\u00e9coise dont la carri\u00e8re florissante s\u2019est affirm\u00e9e \u00e0 partir de la fin des ann\u00e9es 2010, particuli\u00e8rement apr\u00e8s sa participation \u00e0 l\u2019\u00e9mission de t\u00e9l\u00e9-r\u00e9alit\u00e9 <em>La Voix<\/em> en 2016. Elle s\u2019est fait remarquer par ses albums salu\u00e9s par la critique et le public. Elle explore des univers folk, pop et indie. Ses projets r\u00e9cents ont \u00e9t\u00e9 honor\u00e9s par des nominations importantes, dont la courte liste du prix Polaris pour <em>Journal d\u2019un Loup-Garou<\/em>, et par des r\u00e9compenses telles que le Prix F\u00e9lix-Leclerc de la chanson et le titre d\u2019Artiste f\u00e9minine de l\u2019ann\u00e9e au Gala de l\u2019ADISQ.<\/p>\n\n\n\n<p>M. Charette d\u00e9crit cette interpr\u00e8te comme une artiste de la rel\u00e8ve \u00e0 d\u00e9couvrir, dont l\u2019\u00e9nergie et la pr\u00e9sence sc\u00e9nique promettent une ambiance unique. M\u00eame si la remise des prix Juno, pour laquelle elle est en nomination, co\u00efncide avec la date du concert, Lou-Adriane Cassidy a d\u00e9cid\u00e9 de maintenir son spectacle.<\/p>\n\n\n\n<p>Interrog\u00e9 sur l\u2019importance pour Francophonie en F\u00eate de participer \u00e0 cette c\u00e9l\u00e9bration annuelle de la Semaine de la Francophonie \u00e0 Toronto, Jacques Charette r\u00e9pond que le Mois de la Francophonie est \u00ab un incontournable, une c\u00e9l\u00e9bration nationale&nbsp;\u00bb et qu\u2019il est naturel pour l\u2019organisme d\u2019y participer.<\/p>\n\n\n\n<p>Francophonie en F\u00eate pr\u00e9pare sa programmation annuelle qui aura lieu du 25&nbsp;septembre au 3&nbsp;octobre, avec des activit\u00e9s pour les jeunes et des concerts r\u00e9partis sur deux fins de semaine. Pour r\u00e9server, allez sur francophonie-en-f\u00eate.com<\/p>\n\n\n\n<p><strong>Photo<\/strong> : Le directeur g\u00e9n\u00e9ral de Francophonie en F\u00eate, Jacques Charette (Cr\u00e9dit\u00a0: Le M\u00e9tropolitain)<\/p>\n","protected":false},"excerpt":{"rendered":"<p>Alexia Grousson Francophonie en F\u00eate organise la cinqui\u00e8me \u00e9dition de Bonjour Printemps dans le cadre de la Semaine de la Francophonie \u00e0 Toronto. Deux spectacles musicaux auront lieu au Th\u00e9\u00e2tre Paradise, une salle de concert r\u00e9put\u00e9e pour sa qualit\u00e9 acoustique et son d\u00e9cor qui rappelle le charme des anciens th\u00e9\u00e2tres. Cette activit\u00e9, qui aura lieu [&hellip;]<\/p>\n","protected":false},"author":4,"featured_media":2198,"comment_status":"open","ping_status":"open","sticky":false,"template":"","format":"standard","meta":{"tdm_status":"","tdm_grid_status":"","footnotes":""},"categories":[1],"tags":[],"class_list":{"0":"post-2197","1":"post","2":"type-post","3":"status-publish","4":"format-standard","5":"has-post-thumbnail","7":"category-uncategorized"},"_links":{"self":[{"href":"https:\/\/bonjourontario.ca\/index.php?rest_route=\/wp\/v2\/posts\/2197","targetHints":{"allow":["GET"]}}],"collection":[{"href":"https:\/\/bonjourontario.ca\/index.php?rest_route=\/wp\/v2\/posts"}],"about":[{"href":"https:\/\/bonjourontario.ca\/index.php?rest_route=\/wp\/v2\/types\/post"}],"author":[{"embeddable":true,"href":"https:\/\/bonjourontario.ca\/index.php?rest_route=\/wp\/v2\/users\/4"}],"replies":[{"embeddable":true,"href":"https:\/\/bonjourontario.ca\/index.php?rest_route=%2Fwp%2Fv2%2Fcomments&post=2197"}],"version-history":[{"count":1,"href":"https:\/\/bonjourontario.ca\/index.php?rest_route=\/wp\/v2\/posts\/2197\/revisions"}],"predecessor-version":[{"id":2199,"href":"https:\/\/bonjourontario.ca\/index.php?rest_route=\/wp\/v2\/posts\/2197\/revisions\/2199"}],"wp:featuredmedia":[{"embeddable":true,"href":"https:\/\/bonjourontario.ca\/index.php?rest_route=\/wp\/v2\/media\/2198"}],"wp:attachment":[{"href":"https:\/\/bonjourontario.ca\/index.php?rest_route=%2Fwp%2Fv2%2Fmedia&parent=2197"}],"wp:term":[{"taxonomy":"category","embeddable":true,"href":"https:\/\/bonjourontario.ca\/index.php?rest_route=%2Fwp%2Fv2%2Fcategories&post=2197"},{"taxonomy":"post_tag","embeddable":true,"href":"https:\/\/bonjourontario.ca\/index.php?rest_route=%2Fwp%2Fv2%2Ftags&post=2197"}],"curies":[{"name":"wp","href":"https:\/\/api.w.org\/{rel}","templated":true}]}}