{"id":2334,"date":"2026-04-22T21:32:59","date_gmt":"2026-04-22T21:32:59","guid":{"rendered":"https:\/\/bonjourontario.ca\/?p=2334"},"modified":"2026-04-29T21:34:25","modified_gmt":"2026-04-29T21:34:25","slug":"journee-de-la-terre-mobilisation-citoyenne","status":"publish","type":"post","link":"https:\/\/bonjourontario.ca\/?p=2334","title":{"rendered":"Journ\u00e9e de la Terre : mobilisation citoyenne"},"content":{"rendered":"\n<p><strong>Chrism\u00e8ne Dorme<\/strong><\/p>\n\n\n\n<p>Et si, pendant une journ\u00e9e, nos gestes du quotidien prenaient une tout autre dimension? Le 22&nbsp;avril, \u00e0 l\u2019occasion de la Journ\u00e9e de la Terre, la r\u00e9ponse prend forme \u00e0 travers une multitude d\u2019initiatives concr\u00e8tes, port\u00e9es par des citoyens, des institutions et des collectivit\u00e9s locales aux quatre coins de l\u2019Ontario.<\/p>\n\n\n\n<p>Cette ann\u00e9e encore, l\u2019\u00e9v\u00e9nement se veut \u00e0 la fois festif et engag\u00e9. Au programme : ateliers pour apprendre \u00e0 r\u00e9duire son empreinte environnementale, plantations d\u2019arbres, chasses au tr\u00e9sor \u00e9ducatives et vastes op\u00e9rations de nettoyage communautaire. Une mobilisation qui ne cesse de cro\u00eetre, \u00e0 l\u2019image de Toronto o\u00f9, en 2025, plus de 700 op\u00e9rations de nettoyage participatif ont \u00e9t\u00e9 recens\u00e9es, dont 400 dans les parcs municipaux. Forte de ce succ\u00e8s, la Ville reine renouvelle l\u2019exp\u00e9rience avec l\u2019ambition d\u2019\u00e9largir encore la participation.<\/p>\n\n\n\n<p>Les \u00e9tablissements d\u2019enseignement ne sont pas en reste. \u00c9coles, coll\u00e8ges et universit\u00e9s de Toronto sont invit\u00e9s \u00e0 se joindre \u00e0 l\u2019initiative, faisant de cette journ\u00e9e un v\u00e9ritable levier p\u00e9dagogique pour sensibiliser les jeunes g\u00e9n\u00e9rations aux enjeux environnementaux.<\/p>\n\n\n\n<p>Parmi les initiatives originales, le Zoo de Toronto propose, les 25 et 26 avril, une collecte de d\u00e9chets \u00e9lectroniques. L\u2019objectif est double : encourager le recyclage responsable et soutenir la conservation des grands singes. Une d\u00e9marche qui rappelle que les composants de nos appareils \u00e9lectroniques proviennent souvent des m\u00eames r\u00e9gions que l\u2019habitat des gorilles des plaines. Mal recycl\u00e9s, ces objets repr\u00e9sentent \u00e0 la fois un gaspillage de ressources pr\u00e9cieuses et un danger pour l\u2019environnement.<\/p>\n\n\n\n<p>Plus au sud, \u00e0 Windsor, l\u2019Essex Region Conservation Authority perp\u00e9tue une tradition bien ancr\u00e9e avec la plantation de 2000 arbres indig\u00e8nes. Quelques jours auparavant, des b\u00e9n\u00e9voles participeront \u00e9galement au nettoyage du corridor de Little River et du sentier Ganatchio, ce qui permettra de d\u00e9barrasser ces espaces naturels des d\u00e9chets accumul\u00e9s.<\/p>\n\n\n\n<p>M\u00eame dynamique \u00e0 Brampton, o\u00f9 la municipalit\u00e9 organise, d\u00e8s le 17 avril, une vaste op\u00e9ration de plantation. L\u2019objectif affich\u00e9 est ambitieux, atteindre le cap du million d\u2019arbres, symbole d\u2019un engagement durable en faveur du verdissement urbain.<\/p>\n\n\n\n<p>\u00c0 Cambridge, les riverains pourront eux aussi s\u2019atteler \u00e0 la collecte des d\u00e9chets le 19 avril, mise en place par l\u2019Association des francophones de Kitchener-Waterloo.<\/p>\n\n\n\n<p>D\u2019un bout \u00e0 l\u2019autre de la province, la Journ\u00e9e de la Terre d\u00e9passe ainsi le simple cadre symbolique. Elle devient un terrain d\u2019action collective, o\u00f9 chaque geste, du recyclage d\u2019un vieux t\u00e9l\u00e9phone \u00e0 la plantation d\u2019un arbre, contribue \u00e0 redessiner, modestement mais concr\u00e8tement, notre rapport \u00e0 l\u2019environnement.<\/p>\n\n\n\n<p><strong>Photo<\/strong> (Cr\u00e9dit : Pexels) : Un individu participe au ramassage des d\u00e9chets.<\/p>\n","protected":false},"excerpt":{"rendered":"<p>Chrism\u00e8ne Dorme Et si, pendant une journ\u00e9e, nos gestes du quotidien prenaient une tout autre dimension? Le 22&nbsp;avril, \u00e0 l\u2019occasion de la Journ\u00e9e de la Terre, la r\u00e9ponse prend forme \u00e0 travers une multitude d\u2019initiatives concr\u00e8tes, port\u00e9es par des citoyens, des institutions et des collectivit\u00e9s locales aux quatre coins de l\u2019Ontario. Cette ann\u00e9e encore, l\u2019\u00e9v\u00e9nement [&hellip;]<\/p>\n","protected":false},"author":8,"featured_media":2335,"comment_status":"open","ping_status":"open","sticky":false,"template":"","format":"standard","meta":{"tdm_status":"","tdm_grid_status":"","footnotes":""},"categories":[1],"tags":[],"class_list":{"0":"post-2334","1":"post","2":"type-post","3":"status-publish","4":"format-standard","5":"has-post-thumbnail","7":"category-uncategorized"},"_links":{"self":[{"href":"https:\/\/bonjourontario.ca\/index.php?rest_route=\/wp\/v2\/posts\/2334","targetHints":{"allow":["GET"]}}],"collection":[{"href":"https:\/\/bonjourontario.ca\/index.php?rest_route=\/wp\/v2\/posts"}],"about":[{"href":"https:\/\/bonjourontario.ca\/index.php?rest_route=\/wp\/v2\/types\/post"}],"author":[{"embeddable":true,"href":"https:\/\/bonjourontario.ca\/index.php?rest_route=\/wp\/v2\/users\/8"}],"replies":[{"embeddable":true,"href":"https:\/\/bonjourontario.ca\/index.php?rest_route=%2Fwp%2Fv2%2Fcomments&post=2334"}],"version-history":[{"count":1,"href":"https:\/\/bonjourontario.ca\/index.php?rest_route=\/wp\/v2\/posts\/2334\/revisions"}],"predecessor-version":[{"id":2336,"href":"https:\/\/bonjourontario.ca\/index.php?rest_route=\/wp\/v2\/posts\/2334\/revisions\/2336"}],"wp:featuredmedia":[{"embeddable":true,"href":"https:\/\/bonjourontario.ca\/index.php?rest_route=\/wp\/v2\/media\/2335"}],"wp:attachment":[{"href":"https:\/\/bonjourontario.ca\/index.php?rest_route=%2Fwp%2Fv2%2Fmedia&parent=2334"}],"wp:term":[{"taxonomy":"category","embeddable":true,"href":"https:\/\/bonjourontario.ca\/index.php?rest_route=%2Fwp%2Fv2%2Fcategories&post=2334"},{"taxonomy":"post_tag","embeddable":true,"href":"https:\/\/bonjourontario.ca\/index.php?rest_route=%2Fwp%2Fv2%2Ftags&post=2334"}],"curies":[{"name":"wp","href":"https:\/\/api.w.org\/{rel}","templated":true}]}}