{"id":363,"date":"2023-02-15T21:15:33","date_gmt":"2023-02-15T21:15:33","guid":{"rendered":"http:\/\/bonjourontario.com\/?p=363"},"modified":"2023-04-14T20:42:49","modified_gmt":"2023-04-14T20:42:49","slug":"un-dialogue-sur-le-theme-des-universites-de-petite-taille-a-luof","status":"publish","type":"post","link":"https:\/\/bonjourontario.ca\/?p=363","title":{"rendered":"Un dialogue sur le th\u00e8me des universit\u00e9s de petite taille \u00e0 l\u2019UOF"},"content":{"rendered":"\n<p>Richard Caumartin<\/p>\n\n\n\n<p>L\u2019Universit\u00e9 de l\u2019Ontario fran\u00e7ais (UOF) accueillait, du 16 au 18 novembre, le Colloque 2022 du R\u00e9seau de la recherche sur la francophonie canadienne (RRF) sous le th\u00e8me \u00ab Le r\u00f4le et la mission des universit\u00e9s de petite taille au sein de la francophonie \u00bb.<br>Organis\u00e9 en collaboration avec l\u2019Association des coll\u00e8ges et universit\u00e9s de la francophonie canadienne (ACUFC), le Colloque \u00e9tait l\u2019occasion d\u2019un dialogue entre la communaut\u00e9 de la recherche, la client\u00e8le \u00e9tudiante, les groupes communautaires et toutes personnes int\u00e9ress\u00e9es de pr\u00e8s ou de loin par cette th\u00e9matique.<br>C\u2019est Martin Normand, directeur de la recherche strat\u00e9gique et des relations internationales \u00e0 l\u2019ACUFC qui a lanc\u00e9 l\u2019\u00e9v\u00e9nement avec le mot d\u2019accueil. Il a indiqu\u00e9 qu\u2019il s\u2019agissait de la quatri\u00e8me occasion que ce colloque annuel se d\u00e9pla\u00e7ait dans la francophonie canadienne. Il a ensuite donn\u00e9 la parole, \u00e0 tour de r\u00f4le, \u00e0 Pierre Ouellette, recteur de l\u2019UOF qui pr\u00e9sidait le panel inaugural, \u00e0 Lynn Brouillette dans un message vid\u00e9o pr\u00e9-enregistr\u00e9, PDG de l\u2019ACUFC, et \u00e0 Paulin Mulatris, vice-recteur aux \u00e9tudes et \u00e0 la recherche de l\u2019UOF pour le comit\u00e9 organisateur du Colloque.<br>\u00ab Il s\u2019agit aujourd\u2019hui d\u2019une grande premi\u00e8re pour une petite universit\u00e9 comme la n\u00f4tre, indique Pierre Ouellette. Le th\u00e8me cadre bien avec ce que nous souhaitons avoir comme identit\u00e9 en tant qu\u2019universit\u00e9 francophone. \u00bb Il a ensuite remerci\u00e9 les partenaires du Colloque et a r\u00e9it\u00e9r\u00e9 sa fiert\u00e9 de les recevoir \u00e0 l\u2019UOF.<\/p>\n\n\n\n<p>Panel inaugural<br>Le panel inaugural a d\u00e9cortiqu\u00e9 la question suivante : \u00ab Quel r\u00f4le, quelle mission pour les universit\u00e9s de petite taille au sein de la francophonie? \u00bb. Pour en d\u00e9battre, les invit\u00e9s \u00e9taient Sophie Bouffard (en visioconf\u00e9rence), rectrice de l\u2019Universit\u00e9 de Saint-Boniface au Manitoba, Johanne Jean, pr\u00e9sidente du R\u00e9seau des universit\u00e9s du Qu\u00e9bec, Daniel Jutras, recteur de l\u2019Universit\u00e9 de Montr\u00e9al, et Luc Bussi\u00e8res, recteur de l\u2019Universit\u00e9 de Hearst en Ontario.<br>M. Bussi\u00e8res a d\u00e9crit le r\u00f4le et la mission de son universit\u00e9. \u00ab L\u2019Universit\u00e9 de Hearst se d\u00e9finit comme un \u00e9cosyst\u00e8me d\u2019apprentissage francophone, \u00e0 la fois innovant et engageant. Elle se veut une p\u00e9pini\u00e8re d\u2019actrices et d\u2019acteurs de talent contribuant positivement \u00e0 l\u2019am\u00e9lioration de leur milieu, dans un monde complexe o\u00f9 la valorisation de l\u2019inclusion de tous est essentielle.<br>\u00ab En ce sens, elle accorde la priorit\u00e9 \u00e0 l\u2019accompagnement dans le d\u00e9veloppement de chaque personne, au d\u00e9veloppement de comp\u00e9tences humaines et professionnelles, \u00e0 une qu\u00eate personnelle et collective et \u00e0 la pratique d\u2019une pens\u00e9e de plus en plus ind\u00e9pendante. \u00bb<br>Les pan\u00e9listes ont ensuite parl\u00e9 des d\u00e9buts de leur institution postsecondaire et des d\u00e9fis rencontr\u00e9s lors de la mise en \u0153uvre de celles-ci.<br>Quand M. Ouellette leur a pos\u00e9 la question sur l\u2019avenir de leur universit\u00e9, le recteur de l\u2019Universit\u00e9 de Hearst a parl\u00e9 d\u2019attentes. \u00ab Nos communaut\u00e9s sont tr\u00e8s fi\u00e8res d\u2019avoir une universit\u00e9 dans le Nord de la province, explique M. Bussi\u00e8res. Et il y a des attentes! Nous sommes jug\u00e9s avec les m\u00eames bar\u00e8mes que les universit\u00e9s plus grandes mais nous n\u2019avons pas les m\u00eames ressources. L\u2019avenir des petites universit\u00e9s comme la n\u00f4tre passera par l\u2019apprentissage \u00e0 travailler en r\u00e9seau et de s\u2019adapter aux changements d\u2019un monde qui se d\u00e9veloppe tr\u00e8s rapidement. \u00bb<br>La ministre des Langues officielles, Ginette Petitpas Taylor, s\u2019est ensuite adress\u00e9e \u00e0 l\u2019auditoire. Elle a parl\u00e9 de la responsabilit\u00e9 du gouvernement canadien \u00e0 appuyer l\u2019\u00e9ducation postsecondaire en milieu minoritaire.<br>Deux lancements ont \u00e9galement eu lieu lors de ce colloque : l\u2019\u00e9dition sp\u00e9ciale francophonie canadienne de la s\u00e9rie Horizon politique sur la cha\u00eene Savoir m\u00e9dia et le d\u00e9voilement du dernier num\u00e9ro de la revue Francophonies d\u2019Am\u00e9rique, en pr\u00e9sence des membres du comit\u00e9 de direction du num\u00e9ro sp\u00e9cial.<br>Certaines activit\u00e9s de ce colloque ont \u00e9t\u00e9 publi\u00e9es sur la page Facebook et sur le site Web https:\/\/colloquerrf.ca\/evenement.<\/p>\n\n\n\n<p>Photo: Pierre Ouellette de l\u2019UOF (\u00e0 gauche), la ministre Ginette Petitpas Taylor et Luc Bussi\u00e8res de l\u2019Universit\u00e9 de Hearst<\/p>\n","protected":false},"excerpt":{"rendered":"<p>Richard Caumartin L\u2019Universit\u00e9 de l\u2019Ontario fran\u00e7ais (UOF) accueillait, du 16 au 18 novembre, le Colloque 2022 du R\u00e9seau de la recherche sur la francophonie canadienne (RRF) sous le th\u00e8me \u00ab Le r\u00f4le et la mission des universit\u00e9s de petite taille au sein de la francophonie \u00bb.Organis\u00e9 en collaboration avec l\u2019Association des coll\u00e8ges et universit\u00e9s de [&hellip;]<\/p>\n","protected":false},"author":2,"featured_media":364,"comment_status":"open","ping_status":"open","sticky":false,"template":"","format":"standard","meta":{"tdm_status":"","tdm_grid_status":"","footnotes":""},"categories":[1],"tags":[],"class_list":{"0":"post-363","1":"post","2":"type-post","3":"status-publish","4":"format-standard","5":"has-post-thumbnail","7":"category-uncategorized"},"_links":{"self":[{"href":"https:\/\/bonjourontario.ca\/index.php?rest_route=\/wp\/v2\/posts\/363","targetHints":{"allow":["GET"]}}],"collection":[{"href":"https:\/\/bonjourontario.ca\/index.php?rest_route=\/wp\/v2\/posts"}],"about":[{"href":"https:\/\/bonjourontario.ca\/index.php?rest_route=\/wp\/v2\/types\/post"}],"author":[{"embeddable":true,"href":"https:\/\/bonjourontario.ca\/index.php?rest_route=\/wp\/v2\/users\/2"}],"replies":[{"embeddable":true,"href":"https:\/\/bonjourontario.ca\/index.php?rest_route=%2Fwp%2Fv2%2Fcomments&post=363"}],"version-history":[{"count":1,"href":"https:\/\/bonjourontario.ca\/index.php?rest_route=\/wp\/v2\/posts\/363\/revisions"}],"predecessor-version":[{"id":365,"href":"https:\/\/bonjourontario.ca\/index.php?rest_route=\/wp\/v2\/posts\/363\/revisions\/365"}],"wp:featuredmedia":[{"embeddable":true,"href":"https:\/\/bonjourontario.ca\/index.php?rest_route=\/wp\/v2\/media\/364"}],"wp:attachment":[{"href":"https:\/\/bonjourontario.ca\/index.php?rest_route=%2Fwp%2Fv2%2Fmedia&parent=363"}],"wp:term":[{"taxonomy":"category","embeddable":true,"href":"https:\/\/bonjourontario.ca\/index.php?rest_route=%2Fwp%2Fv2%2Fcategories&post=363"},{"taxonomy":"post_tag","embeddable":true,"href":"https:\/\/bonjourontario.ca\/index.php?rest_route=%2Fwp%2Fv2%2Ftags&post=363"}],"curies":[{"name":"wp","href":"https:\/\/api.w.org\/{rel}","templated":true}]}}