{"id":511,"date":"2018-04-11T08:01:00","date_gmt":"2018-04-11T08:01:00","guid":{"rendered":"http:\/\/bonjourontario.com\/?p=511"},"modified":"2023-04-19T20:02:44","modified_gmt":"2023-04-19T20:02:44","slug":"le-conseil-des-gouverneurs-de-luniversite-de-lontario-francais-a-ete-forme","status":"publish","type":"post","link":"https:\/\/bonjourontario.ca\/?p=511","title":{"rendered":"Le Conseil des gouverneurs de l\u2019Universit\u00e9 de l\u2019Ontario fran\u00e7ais a \u00e9t\u00e9 form\u00e9"},"content":{"rendered":"\n<p>C\u2019est une nouvelle d\u2019importance et ce n\u2019est pas demain la veille qu\u2019elle dispara\u00eetra des m\u00e9dias franco-ontariens. En effet, la composition du Conseil des gouverneurs de l\u2019Universit\u00e9 de l\u2019Ontario fran\u00e7ais a \u00e9t\u00e9 annonc\u00e9e dans la matin\u00e9e du 9&nbsp;avril. Les noms de ceux qui seront responsables de mettre sur pied la nouvelle institution sont donc d\u00e9sormais connus, et leurs actions \u00e0 cet \u00e9gard seront suivies avec int\u00e9r\u00eat au cours des prochains mois.<\/p>\n\n\n\n<p>Sans surprise, l\u2019ancienne commissaire aux langues officielles du Canada, Dyane Adam, a \u00e9t\u00e9 nomm\u00e9e pr\u00e9sidente. Les onze autres gouverneurs sont issus des secteurs publics, communautaires, du monde des affaires et du milieu de l\u2019enseignement. Ainsi, au chapitre de l\u2019enseignement sup\u00e9rieur, on trouve Fr\u00e9d\u00e9ric Dimanche, professeur et directeur de l\u2019\u00c9cole de gestion h\u00f4teli\u00e8re et de tourisme \u00e0 l\u2019Universit\u00e9 Ryerson, et Mari\u00e8me Lo, professeure \u00e0 l\u2019Institut d\u2019\u00e9tudes africaines et f\u00e9minines de l\u2019Universit\u00e9 de Toronto.<\/p>\n\n\n\n<p>En ce qui touche les organismes de la francophonie ontarienne, ils sont repr\u00e9sent\u00e9s par Florence Ngenzebuhoro, directrice g\u00e9n\u00e9rale du Centre francophone de Toronto, Glenn O\u2019Farrell, pr\u00e9sident-directeur g\u00e9n\u00e9ral du Groupe M\u00e9dia TFO et F\u00e9t\u00e9 Kimpiobi, une r\u00e9sidente de Welland bien connue dans sa r\u00e9gion pour \u00eatre la directrice g\u00e9n\u00e9rale de l\u2019organisme Solidarit\u00e9 des femmes et familles immigrantes francophones du Niagara (Sofifran).<\/p>\n\n\n\n<p>Le Conseil des gouverneurs b\u00e9n\u00e9ficiera d\u2019une forte expertise du secteur priv\u00e9 car cinq de ses membres en sont issus. Marie-Andr\u00e9e Vermette, avocate au sein du cabinet WeirFoulds, Rodrigue Gilbert, conseiller en transport et logistique chez PwC&nbsp;Canada, Jean Michel Beck, fondateur et pr\u00e9sident-directeur g\u00e9n\u00e9ral de Aecon, Jacques Naud, premier vice-pr\u00e9sident, ventes et distribution, chez Knowledge First Financial et Normand C\u00f4t\u00e9, vice-pr\u00e9sident, leadership, \u00e9valuation et d\u00e9veloppement \u00e0 Optimum Talent mettront leurs connaissances au service du d\u00e9veloppement de l\u2019Universit\u00e9.<\/p>\n\n\n\n<p>De leur c\u00f4t\u00e9, les jeunes auront pour porte-parole Koubra Haggar, \u00e9tudiante en 12<sup>e<\/sup>&nbsp;ann\u00e9e \u00e0 l\u2019\u00c9cole secondaire Georges-P.-Vanier, \u00e0 Hamilton, et vice-pr\u00e9sidente de la F\u00e9d\u00e9ration de la jeunesse franco-ontarienne (FESFO).<\/p>\n\n\n\n<p>La ministre des Affaires francophones, Marie-France Lalonde, a qualifi\u00e9 la journ\u00e9e d\u2019\u00ab&nbsp;historique&nbsp;\u00bb. Plus prosa\u00efquement, la ministre de l\u2019Enseignement sup\u00e9rieur, Mitzie Hunter, a vu dans cette nouvelle \u00ab&nbsp;un jalon important dans la cr\u00e9ation de la premi\u00e8re universit\u00e9 de langue fran\u00e7aise autonome de l\u2019Ontario&nbsp;\u00bb.<\/p>\n\n\n\n<p>Le pr\u00e9sident de la FESFO, Pablo Mhanna-Sandoval, a salu\u00e9 la nomination de la vice-pr\u00e9sidente de son mouvement au conseil, assurant qu\u2019\u00ab&nbsp;elle conna\u00eet bien le dossier en tant que militante et future \u00e9tudiante au postsecondaire&nbsp;\u00bb. Kelia Wane, co-pr\u00e9sidente du Regroupement \u00e9tudiant franco-ontarien, s\u2019est r\u00e9jouie que le principe de gouvernance \u00ab&nbsp;par et pour&nbsp;\u00bb les francophones ait \u00e9t\u00e9 respect\u00e9 puisqu\u2019il s\u2019agissait de \u00ab&nbsp;l\u2019une des principales demandes des partenaires&nbsp;\u00bb qui avaient milit\u00e9 pour ce projet. Finalement, l\u2019Assembl\u00e9e de la francophonie de l\u2019Ontario a, par la voix de son pr\u00e9sident, Carol Jolin, mis l\u2019accent sur le passage significatif d\u2019une structure temporaire \u00e0 permanente&nbsp;: \u00ab&nbsp;Nous remercions les membres du Conseil de planification de l\u2019Universit\u00e9 de l\u2019Ontario fran\u00e7ais pour leur travail de d\u00e9frichage dans ce dossier et nous souhaitons le meilleur au Conseil des gouverneurs&nbsp;\u00bb.<\/p>\n","protected":false},"excerpt":{"rendered":"<p>C\u2019est une nouvelle d\u2019importance et ce n\u2019est pas demain la veille qu\u2019elle dispara\u00eetra des m\u00e9dias franco-ontariens. En effet, la composition du Conseil des gouverneurs de l\u2019Universit\u00e9 de l\u2019Ontario fran\u00e7ais a \u00e9t\u00e9 annonc\u00e9e dans la matin\u00e9e du 9&nbsp;avril. Les noms de ceux qui seront responsables de mettre sur pied la nouvelle institution sont donc d\u00e9sormais connus, [&hellip;]<\/p>\n","protected":false},"author":2,"featured_media":444,"comment_status":"open","ping_status":"open","sticky":false,"template":"","format":"standard","meta":{"tdm_status":"","tdm_grid_status":"","footnotes":""},"categories":[1],"tags":[],"class_list":{"0":"post-511","1":"post","2":"type-post","3":"status-publish","4":"format-standard","5":"has-post-thumbnail","7":"category-uncategorized"},"_links":{"self":[{"href":"https:\/\/bonjourontario.ca\/index.php?rest_route=\/wp\/v2\/posts\/511","targetHints":{"allow":["GET"]}}],"collection":[{"href":"https:\/\/bonjourontario.ca\/index.php?rest_route=\/wp\/v2\/posts"}],"about":[{"href":"https:\/\/bonjourontario.ca\/index.php?rest_route=\/wp\/v2\/types\/post"}],"author":[{"embeddable":true,"href":"https:\/\/bonjourontario.ca\/index.php?rest_route=\/wp\/v2\/users\/2"}],"replies":[{"embeddable":true,"href":"https:\/\/bonjourontario.ca\/index.php?rest_route=%2Fwp%2Fv2%2Fcomments&post=511"}],"version-history":[{"count":1,"href":"https:\/\/bonjourontario.ca\/index.php?rest_route=\/wp\/v2\/posts\/511\/revisions"}],"predecessor-version":[{"id":512,"href":"https:\/\/bonjourontario.ca\/index.php?rest_route=\/wp\/v2\/posts\/511\/revisions\/512"}],"wp:featuredmedia":[{"embeddable":true,"href":"https:\/\/bonjourontario.ca\/index.php?rest_route=\/wp\/v2\/media\/444"}],"wp:attachment":[{"href":"https:\/\/bonjourontario.ca\/index.php?rest_route=%2Fwp%2Fv2%2Fmedia&parent=511"}],"wp:term":[{"taxonomy":"category","embeddable":true,"href":"https:\/\/bonjourontario.ca\/index.php?rest_route=%2Fwp%2Fv2%2Fcategories&post=511"},{"taxonomy":"post_tag","embeddable":true,"href":"https:\/\/bonjourontario.ca\/index.php?rest_route=%2Fwp%2Fv2%2Ftags&post=511"}],"curies":[{"name":"wp","href":"https:\/\/api.w.org\/{rel}","templated":true}]}}