{"id":534,"date":"2016-11-16T08:13:00","date_gmt":"2016-11-16T08:13:00","guid":{"rendered":"http:\/\/bonjourontario.com\/?p=534"},"modified":"2023-04-19T20:14:38","modified_gmt":"2023-04-19T20:14:38","slug":"queens-park-rend-hommage-aux-anciens-combattants","status":"publish","type":"post","link":"https:\/\/bonjourontario.ca\/?p=534","title":{"rendered":"Queen\u2019s Park rend hommage aux anciens combattants"},"content":{"rendered":"\n<p><strong>Une centaine de personnes s\u2019\u00e9tait rassembl\u00e9e en ce 11 novembre devant la l\u00e9gislature ontarienne. Dignitaires, v\u00e9t\u00e9rans, cadets et autres \u00e9taient nombreux, pour la plupart arborant un coquelicot, \u00e0 avoir fait le d\u00e9placement pour c\u00e9l\u00e9brer le jour du Souvenir.<\/strong><\/p>\n\n\n\n<p>\u00ab Pour moi, ce jour repr\u00e9sente le sacrifice. Il repr\u00e9sente tout ce que le Canada a fait pour la libert\u00e9 que l\u2019on a la chance d\u2019avoir aujourd\u2019hui. C\u2019est important de le souligner pour les g\u00e9n\u00e9rations futures \u00bb, explique Steven, r\u00e9cemment retrait\u00e9 des Forces canadiennes.<br>Tous les ans, lui et sa femme, Cherry, assiste \u00e0 la c\u00e9r\u00e9monie du jour du Souvenir pour rendre hommage aux soldats tomb\u00e9s au combat.<br>\u00ab Je vois les sacrifices qu\u2019il a fait et que le Canada a fait. Je suis fi\u00e8re d\u2019\u00eatre Canadienne en ce jour \u00bb, ajoute Cherry.<\/p>\n\n\n\n<p>S\u2019il y a beaucoup de repr\u00e9sentants militaires et de familles de militaire, les simples citoyens sont \u00e9galement venus nombreux rendre un hommage, malgr\u00e9 le vent glacial qui soufflait sur Queen\u2019s Park.<\/p>\n\n\n\n<p>\u00ab Il faut se rappeler de ces personnes et de leur sacrifice \u00bb, observe Doug, l\u2019un des nombreux spectateurs venus suivre la c\u00e9r\u00e9monie.<\/p>\n\n\n\n<p>Au premier rang, les v\u00e9t\u00e9rans s\u2019installaient \u00e0 leur si\u00e8ge pendant que la Garde d\u2019honneur prenait place derri\u00e8re eux alors que la c\u00e9r\u00e9monie d\u00e9butait.<br>Durant les comm\u00e9morations, la premi\u00e8re ministre de l\u2019Ontario Kathleen Wynne ainsi que le brigadier-g\u00e9n\u00e9ral S.M. Cadden et le lieutenant-g\u00e9n\u00e9ral honoraire Richard Rohmer des anciens combattants prenaient la parole.<\/p>\n\n\n\n<p>\u00ab Aujourd\u2019hui, nous honorons les personnes qui d\u00e9fendent nos valeurs de libert\u00e9. Il faut contempler la signification de ce qui est demand\u00e9 de nos soldats et reconna\u00eetre leur sacrifice en parlant avec eux et en \u00e9coutant leur histoire. L\u2019acte de m\u00e9moire est de dire merci et de chercher la paix \u00bb, disait Mme Wynne.<\/p>\n\n\n\n<p>La premi\u00e8re ministre est revenue \u00e9galement sur le projet de loi promulgu\u00e9 au cours de la semaine pr\u00e9c\u00e9dente comme \u00e9tant la semaine du Souvenir.<br>\u00ab Le jour du Souvenir est toujours un jour o\u00f9 il fait froid, o\u00f9 il pleut, o\u00f9 il neige et c\u2019est mieux comme \u00e7a, affirmait le brigadier-g\u00e9n\u00e9ral S.M. Cadden. On ne saurait \u00eatre au chaud et confortable en ce jour. Pour nous qui portons l\u2019uniforme, c\u2019est notre devoir de se souvenir des sacrifices. Aujourd\u2019hui, je me rappelle de ceux que j\u2019ai connus et qui sont morts au combat. \u00bb<\/p>\n\n\n\n<p>\u00c0 11 h, la foule a observ\u00e9 deux minutes de silence avant que les membres des Forces arm\u00e9es canadiennes, leurs familles, des cadets, des repr\u00e9sentants des corps diplomatiques rendent un hommage et d\u00e9posent des couronnes.<\/p>\n\n\n\n<p>En ce jour du Souvenir, plusieurs c\u00e9r\u00e9monies ont eu lieu dans la ville et au pays o\u00f9 les communaut\u00e9s se sont rassembl\u00e9es pour se souvenir de ceux que les guerres et les conflits ont sacrifi\u00e9.<\/p>\n","protected":false},"excerpt":{"rendered":"<p>Une centaine de personnes s\u2019\u00e9tait rassembl\u00e9e en ce 11 novembre devant la l\u00e9gislature ontarienne. Dignitaires, v\u00e9t\u00e9rans, cadets et autres \u00e9taient nombreux, pour la plupart arborant un coquelicot, \u00e0 avoir fait le d\u00e9placement pour c\u00e9l\u00e9brer le jour du Souvenir. \u00ab Pour moi, ce jour repr\u00e9sente le sacrifice. Il repr\u00e9sente tout ce que le Canada a fait [&hellip;]<\/p>\n","protected":false},"author":2,"featured_media":535,"comment_status":"open","ping_status":"open","sticky":false,"template":"","format":"standard","meta":{"tdm_status":"","tdm_grid_status":"","footnotes":""},"categories":[1],"tags":[],"class_list":{"0":"post-534","1":"post","2":"type-post","3":"status-publish","4":"format-standard","5":"has-post-thumbnail","7":"category-uncategorized"},"_links":{"self":[{"href":"https:\/\/bonjourontario.ca\/index.php?rest_route=\/wp\/v2\/posts\/534","targetHints":{"allow":["GET"]}}],"collection":[{"href":"https:\/\/bonjourontario.ca\/index.php?rest_route=\/wp\/v2\/posts"}],"about":[{"href":"https:\/\/bonjourontario.ca\/index.php?rest_route=\/wp\/v2\/types\/post"}],"author":[{"embeddable":true,"href":"https:\/\/bonjourontario.ca\/index.php?rest_route=\/wp\/v2\/users\/2"}],"replies":[{"embeddable":true,"href":"https:\/\/bonjourontario.ca\/index.php?rest_route=%2Fwp%2Fv2%2Fcomments&post=534"}],"version-history":[{"count":1,"href":"https:\/\/bonjourontario.ca\/index.php?rest_route=\/wp\/v2\/posts\/534\/revisions"}],"predecessor-version":[{"id":536,"href":"https:\/\/bonjourontario.ca\/index.php?rest_route=\/wp\/v2\/posts\/534\/revisions\/536"}],"wp:featuredmedia":[{"embeddable":true,"href":"https:\/\/bonjourontario.ca\/index.php?rest_route=\/wp\/v2\/media\/535"}],"wp:attachment":[{"href":"https:\/\/bonjourontario.ca\/index.php?rest_route=%2Fwp%2Fv2%2Fmedia&parent=534"}],"wp:term":[{"taxonomy":"category","embeddable":true,"href":"https:\/\/bonjourontario.ca\/index.php?rest_route=%2Fwp%2Fv2%2Fcategories&post=534"},{"taxonomy":"post_tag","embeddable":true,"href":"https:\/\/bonjourontario.ca\/index.php?rest_route=%2Fwp%2Fv2%2Ftags&post=534"}],"curies":[{"name":"wp","href":"https:\/\/api.w.org\/{rel}","templated":true}]}}