{"id":540,"date":"2015-10-30T08:16:00","date_gmt":"2015-10-30T08:16:00","guid":{"rendered":"http:\/\/bonjourontario.com\/?p=540"},"modified":"2023-04-19T20:17:59","modified_gmt":"2023-04-19T20:17:59","slug":"trudeau-devra-rapidement-se-mettre-au-travail-a-laube-de-nombreux-sommets","status":"publish","type":"post","link":"https:\/\/bonjourontario.ca\/?p=540","title":{"rendered":"Trudeau devra rapidement se mettre au travail \u00e0 l\u2019aube de nombreux sommets"},"content":{"rendered":"\n<p>Le nouveau gouvernement de Justin Trudeau aura moins d\u2019un mois pour se mettre au travail avant que le premier ministre ne s\u2019envole pour une s\u00e9rie de sommets internationaux.<\/p>\n\n\n\n<p>Le calendrier international \u00e9tablira la vitesse \u00e0 laquelle la transition entre le gouvernement conservateur de Stephen Harper et celui de Justin Trudeau s\u2019effectuera.<\/p>\n\n\n\n<p>Le premier sur la liste est le sommet du G20, qui aura lieu en Turquie, les 15 et 16 novembre. Il sera imm\u00e9diatement suivi par le sommet des leaders des pays de la c\u00f4te du Pacifique, aux Philippines les 18 et 19 novembre.<\/p>\n\n\n\n<p>Le sommet des chefs de gouvernement du Commonwealth se tiendra du 27 au 29 novembre, \u00e0 Malta. Et puis, il y aura la Conf\u00e9rence des Nations unies sur les changements climatiques \u00e0 Paris du 30 novembre au 11 d\u00e9cembre. \u00c0 un moment, avant cette conf\u00e9rence, M. Trudeau devra pr\u00e9voir une rencontre avec les premiers ministres des provinces, avec lesquels il a promis de d\u00e9velopper un plan national pour r\u00e9duire les \u00e9missions de carbone \u00e0 temps pour la conf\u00e9rence.<\/p>\n\n\n\n<p>Tout cela laisse croire que M. Trudeau voudra nommer son cabinet et se mettre au travail le plus rapidement possible. Ni lui, ni ses ministres ne seront en mesure d\u2019obtenir des s\u00e9ances d\u2019information avec les commissaires avant d\u2019\u00eatre asserment\u00e9s.<\/p>\n\n\n\n<p>B\u00e2tir son cabinet sera la priorit\u00e9 de M. Trudeau, et l\u2019une de ses t\u00e2ches les plus difficiles. En plus de devoir balancer la repr\u00e9sentation \u00e0 travers les diff\u00e9rentes r\u00e9gions du pays, M. Trudeau a promis l\u2019\u00e9galit\u00e9 des sexes au sein de son cabinet.<\/p>\n\n\n\n<p>Il compte sur plusieurs recrues et sur un nombre important de v\u00e9t\u00e9rans; et plusieurs d\u2019entre eux risquent d\u2019\u00eatre d\u00e9\u00e7us si M. Trudeau opte, comme pr\u00e9vu, pour un cabinet relativement r\u00e9duit. Dans un courriel controvers\u00e9 qui a men\u00e9 \u00e0 sa d\u00e9mission du poste de directeur adjoint de la campagne lib\u00e9rale, Dan Gagnier a pr\u00e9vu un cabinet de seulement 25 membres.<\/p>\n\n\n\n<p>En raison des difficult\u00e9s pos\u00e9es par le calendrier international, il reste \u00e0 voir si M. Trudeau pourra se pr\u00e9senter au Parlement avant No\u00ebl pour prononcer le discours du Tr\u00f4ne, qui est n\u00e9cessaire pour ouvrir une nouvelle session parlementaire.<\/p>\n\n\n\n<p>Pour des raisons symboliques \u2013 et pour d\u00e9montrer qu\u2019il a l\u2019intention de respecter ses promesses \u00e9lectorales \u2013 il pourrait vouloir ouvrir la session rapidement pour pr\u00e9senter la l\u00e9gislation mettant en oeuvre sa baisse d\u2019imp\u00f4ts pour la classe moyenne et une hausse d\u2019imp\u00f4ts pour les plus riches.<\/p>\n\n\n\n<p>M. Trudeau doit mettre sur pied une \u00e9quipe pour superviser la transition, mais ses plans ont \u00e9t\u00e9 gard\u00e9s secrets puisque les informateurs lib\u00e9raux n\u2019ont pas voulu donner l\u2019impression qu\u2019ils consid\u00e9raient la victoire du 19 octobre comme \u00e9tant acquise.<\/p>\n\n\n\n<p>Photo: &nbsp;Justin Trudeau<\/p>\n","protected":false},"excerpt":{"rendered":"<p>Le nouveau gouvernement de Justin Trudeau aura moins d\u2019un mois pour se mettre au travail avant que le premier ministre ne s\u2019envole pour une s\u00e9rie de sommets internationaux. Le calendrier international \u00e9tablira la vitesse \u00e0 laquelle la transition entre le gouvernement conservateur de Stephen Harper et celui de Justin Trudeau s\u2019effectuera. Le premier sur la [&hellip;]<\/p>\n","protected":false},"author":2,"featured_media":541,"comment_status":"open","ping_status":"open","sticky":false,"template":"","format":"standard","meta":{"tdm_status":"","tdm_grid_status":"","footnotes":""},"categories":[1],"tags":[],"class_list":{"0":"post-540","1":"post","2":"type-post","3":"status-publish","4":"format-standard","5":"has-post-thumbnail","7":"category-uncategorized"},"_links":{"self":[{"href":"https:\/\/bonjourontario.ca\/index.php?rest_route=\/wp\/v2\/posts\/540","targetHints":{"allow":["GET"]}}],"collection":[{"href":"https:\/\/bonjourontario.ca\/index.php?rest_route=\/wp\/v2\/posts"}],"about":[{"href":"https:\/\/bonjourontario.ca\/index.php?rest_route=\/wp\/v2\/types\/post"}],"author":[{"embeddable":true,"href":"https:\/\/bonjourontario.ca\/index.php?rest_route=\/wp\/v2\/users\/2"}],"replies":[{"embeddable":true,"href":"https:\/\/bonjourontario.ca\/index.php?rest_route=%2Fwp%2Fv2%2Fcomments&post=540"}],"version-history":[{"count":1,"href":"https:\/\/bonjourontario.ca\/index.php?rest_route=\/wp\/v2\/posts\/540\/revisions"}],"predecessor-version":[{"id":542,"href":"https:\/\/bonjourontario.ca\/index.php?rest_route=\/wp\/v2\/posts\/540\/revisions\/542"}],"wp:featuredmedia":[{"embeddable":true,"href":"https:\/\/bonjourontario.ca\/index.php?rest_route=\/wp\/v2\/media\/541"}],"wp:attachment":[{"href":"https:\/\/bonjourontario.ca\/index.php?rest_route=%2Fwp%2Fv2%2Fmedia&parent=540"}],"wp:term":[{"taxonomy":"category","embeddable":true,"href":"https:\/\/bonjourontario.ca\/index.php?rest_route=%2Fwp%2Fv2%2Fcategories&post=540"},{"taxonomy":"post_tag","embeddable":true,"href":"https:\/\/bonjourontario.ca\/index.php?rest_route=%2Fwp%2Fv2%2Ftags&post=540"}],"curies":[{"name":"wp","href":"https:\/\/api.w.org\/{rel}","templated":true}]}}