{"id":543,"date":"2015-10-10T08:18:00","date_gmt":"2015-10-10T08:18:00","guid":{"rendered":"http:\/\/bonjourontario.com\/?p=543"},"modified":"2023-04-19T20:19:11","modified_gmt":"2023-04-19T20:19:11","slug":"lafo-remet-ses-prix-de-reconnaissance","status":"publish","type":"post","link":"https:\/\/bonjourontario.ca\/?p=543","title":{"rendered":"L\u2019AFO remet ses Prix de reconnaissance"},"content":{"rendered":"\n<p>Au cours de son Grand rassemblement, l\u2019Assembl\u00e9e de la francophonie de l\u2019Ontario (l\u2019Assembl\u00e9e) a d\u00e9voil\u00e9, le vendredi 23 octobre, les noms des r\u00e9dipiendaires de ses Prix de reconnaissance. Cr\u00e9\u00e9es le 24 juin 2012, \u00e0 l\u2019occasion de la f\u00eate des Canadiens&nbsp;fran\u00e7ais, ces distinctions visent \u00e0 reconna\u00eetre annuellement, et pour toute la province, les accomplissements des b\u00e2tisseurs de la communaut\u00e9 qui contribuent, tous les jours, au rayonnement de la francophonie \u00e0 travers&nbsp;l\u2019Ontario.<\/p>\n\n\n\n<p>Prix du Pilier de la francophonie<\/p>\n\n\n\n<p>Jacques De Courville-Nicol, qui \u00ab a milit\u00e9 toute sa vie \u00e0 faire avancer le fait fran\u00e7ais dans la province \u00bb, est l\u2019heureux r\u00e9cipiendaire du Prix du Pilier de la francophonie. Retenu chez lui dans l\u2019Est ontarien pour des raisons de sant\u00e9, c\u2019est l\u2019avocat G\u00e9rard L\u00e9vesque, un ami de longue date de M. De Courville-Nicol, qui a accept\u00e9 le prix en son nom.&nbsp;<\/p>\n\n\n\n<p>Entre autres, co-fondateur de la premi\u00e8re t\u00e9l\u00e9 payante au Canada, pr\u00e9sident fondateur du Regroupement des gens d\u2019affaires de la r\u00e9gion de la Capitale nationale, pr\u00e9sident honoraire de La Nouvelle Sc\u00e8ne \u00e0 Ottawa, il est \u00e0 l\u2019heure actuelle coordonnateur national du Mouvement pour une capitale du Canada officiellement bilingue. Au total, cet homme a consacr\u00e9 plus de 50 ans de sa vie au service de la francophonie en Ontario et au pays.<\/p>\n\n\n\n<p>Les deux autres finalistes pour ce prix \u00e9taient le strat\u00e9giste Yves Doyon de Sudbury et l\u2019entrepreneur Denis Savage de l\u2019Est ontarien.<\/p>\n\n\n\n<p>Prix de l\u2019Horizon franco-ontarien<\/p>\n\n\n\n<p>Ce prix, qui vise \u00e0 reconna\u00eetre un projet, une pratique ou une initiative communautaire entreprise par un groupe qui contribue \u00e0 la vitalit\u00e9 de la collectivit\u00e9, a \u00e9t\u00e9 d\u00e9cern\u00e9 \u00e0 \u00c9largir l\u2019espace francophone. Avec quatre agents de liaison, cet organisme cr\u00e9e des liens entre les gouvernements, les conseils scolaires, les communaut\u00e9s francophones et le secteur priv\u00e9. Depuis 2007, de nombreuses activit\u00e9s culturelles et de d\u00e9veloppement ont vu ainsi vu le jour. Plus que jamais, la francophonie accro\u00eet sa visibilit\u00e9 et la communaut\u00e9 de langue fran\u00e7aise prend sa place au sein de diverses communaut\u00e9s.<\/p>\n\n\n\n<p>Les agents de liaison communautaire Mireille Coulombe-Anifowose et Daniel-Pierre Bourdeau ont accept\u00e9 le prix. \u00ab Je suis sous le choc que notre organisme ait re\u00e7u ce prix, mentionne Mme Coulombe-Anifowose. Nous sommes un organisme relativement jeune par rapport aux deux autres finalistes\u2026 mais nous travaillons tellement fort. \u00bb<\/p>\n\n\n\n<p>Les deux autres finalistes pour ce prix \u00e9taient la FESFO, l\u2019organisme porte-parole des 25 000 jeunes qui fr\u00e9quentent une \u00e9cole secondaire francophone en Ontario, et le Groupe M\u00e9dia TFO, un producteur et un diffuseur de contenus \u00e9ducatifs et culturels innovants en fran\u00e7ais.&nbsp;<\/p>\n\n\n\n<p>Prix Florent-Lalonde<\/p>\n\n\n\n<p>Ce prix vise \u00e0 reconna\u00eetre les efforts et l\u2019engagement d\u2019un b\u00e9n\u00e9vole au sein de la communaut\u00e9. Il porte le nom de Florent Lalonde, un d\u00e9fenseur convaincu de la francophonie en Ontario, d\u00e9c\u00e9d\u00e9 en 2005.&nbsp;<\/p>\n\n\n\n<p>M. Lalonde a notamment pass\u00e9 30 ans de sa vie \u00e0 Welland o\u00f9 il \u00e9tait un membre tr\u00e8s actif du Club Richelieu.<\/p>\n\n\n\n<p>C\u2019est Claudette Gleeson, une b\u00e9n\u00e9vole exemplaire qui travaille pour le rayonnement et la transmission de la langue fran\u00e7aise et de la culture franco-ontarienne dans le nord-ouest de la province, qui a re\u00e7u le prix cette ann\u00e9e.&nbsp;<\/p>\n\n\n\n<p>Coordonnatrice du Centre francophone local, Mme Gleeson participe \u00e0 l\u2019agrandissement de l\u2019espace francophone du Nord-Ouest. Elle est aussi reconnue pour sa grande implication communautaire \u00e0 l\u2019\u00e9chelle locale o\u00f9 elle est notamment fondatrice et pr\u00e9sidente du Franco-festival de Thunder Bay.<\/p>\n\n\n\n<p>\u00ab Je suis surprise d\u2019avoir obtenu ce prix, dira-t-elle, quelques minutes apr\u00e8s l\u2019annonce. Mme Gleeson estime d\u2019ailleurs que le b\u00e9n\u00e9volat est tr\u00e8s important pour elle : \u00ab C\u2019est qui je suis. J\u2019adore les d\u00e9fis et le b\u00e9n\u00e9volat me donne des d\u00e9fis incroyables. \u00bb<\/p>\n\n\n\n<p>Les deux autres finalistes pour ce prix \u00e9taient Claire Parent-McCullough qui, \u00e0 l\u2019heure actuelle, est engag\u00e9e avec le groupe Retraite active de la r\u00e9gion de Peel et Halton, et Rose Desnoyers, qui compte une quarantaine d\u2019ann\u00e9es de b\u00e9n\u00e9volat dans la r\u00e9gion de Cornwall.&nbsp;<\/p>\n\n\n\n<p>Pour conclure, le pr\u00e9sident de l\u2019Assembl\u00e9e de la francophonie de l\u2019Ontario, Denis Vaillancourt, a f\u00e9licit\u00e9 tous les candidats et les finalistes pour leur participation, ainsi que les r\u00e9cipiendaires de cette ann\u00e9e. \u00ab Le travail que font ces b\u00e9n\u00e9voles dans la communaut\u00e9 franco-ontarienne est remarquable et significatif, il est donc important de prendre le temps de souligner et de c\u00e9l\u00e9brer leurs contributions respectives. (\u2026) C\u2019est gr\u00e2ce \u00e0 des leaders comme eux que notre communaut\u00e9 continue de prosp\u00e9rer en Ontario. \u00bb&nbsp;<\/p>\n\n\n\n<p>Photo: &nbsp;Finalistes et dignitaires \u00e0 la remise des Prix de reconnaissance<\/p>\n","protected":false},"excerpt":{"rendered":"<p>Au cours de son Grand rassemblement, l\u2019Assembl\u00e9e de la francophonie de l\u2019Ontario (l\u2019Assembl\u00e9e) a d\u00e9voil\u00e9, le vendredi 23 octobre, les noms des r\u00e9dipiendaires de ses Prix de reconnaissance. Cr\u00e9\u00e9es le 24 juin 2012, \u00e0 l\u2019occasion de la f\u00eate des Canadiens&nbsp;fran\u00e7ais, ces distinctions visent \u00e0 reconna\u00eetre annuellement, et pour toute la province, les accomplissements des b\u00e2tisseurs [&hellip;]<\/p>\n","protected":false},"author":2,"featured_media":544,"comment_status":"open","ping_status":"open","sticky":false,"template":"","format":"standard","meta":{"tdm_status":"","tdm_grid_status":"","footnotes":""},"categories":[1],"tags":[],"class_list":{"0":"post-543","1":"post","2":"type-post","3":"status-publish","4":"format-standard","5":"has-post-thumbnail","7":"category-uncategorized"},"_links":{"self":[{"href":"https:\/\/bonjourontario.ca\/index.php?rest_route=\/wp\/v2\/posts\/543","targetHints":{"allow":["GET"]}}],"collection":[{"href":"https:\/\/bonjourontario.ca\/index.php?rest_route=\/wp\/v2\/posts"}],"about":[{"href":"https:\/\/bonjourontario.ca\/index.php?rest_route=\/wp\/v2\/types\/post"}],"author":[{"embeddable":true,"href":"https:\/\/bonjourontario.ca\/index.php?rest_route=\/wp\/v2\/users\/2"}],"replies":[{"embeddable":true,"href":"https:\/\/bonjourontario.ca\/index.php?rest_route=%2Fwp%2Fv2%2Fcomments&post=543"}],"version-history":[{"count":1,"href":"https:\/\/bonjourontario.ca\/index.php?rest_route=\/wp\/v2\/posts\/543\/revisions"}],"predecessor-version":[{"id":545,"href":"https:\/\/bonjourontario.ca\/index.php?rest_route=\/wp\/v2\/posts\/543\/revisions\/545"}],"wp:featuredmedia":[{"embeddable":true,"href":"https:\/\/bonjourontario.ca\/index.php?rest_route=\/wp\/v2\/media\/544"}],"wp:attachment":[{"href":"https:\/\/bonjourontario.ca\/index.php?rest_route=%2Fwp%2Fv2%2Fmedia&parent=543"}],"wp:term":[{"taxonomy":"category","embeddable":true,"href":"https:\/\/bonjourontario.ca\/index.php?rest_route=%2Fwp%2Fv2%2Fcategories&post=543"},{"taxonomy":"post_tag","embeddable":true,"href":"https:\/\/bonjourontario.ca\/index.php?rest_route=%2Fwp%2Fv2%2Ftags&post=543"}],"curies":[{"name":"wp","href":"https:\/\/api.w.org\/{rel}","templated":true}]}}