{"id":546,"date":"2015-09-30T08:19:00","date_gmt":"2015-09-30T08:19:00","guid":{"rendered":"http:\/\/bonjourontario.com\/?p=546"},"modified":"2023-04-19T20:20:47","modified_gmt":"2023-04-19T20:20:47","slug":"madeleine-meilleur-livre-un-discours-inspirant-au-club-canadien","status":"publish","type":"post","link":"https:\/\/bonjourontario.ca\/?p=546","title":{"rendered":"Madeleine Meilleur livre un discours inspirant au Club Canadien"},"content":{"rendered":"\n<p>Dans le cadre des activit\u00e9s de cette ann\u00e9e comm\u00e9morative du 400e anniversaire de la pr\u00e9sence fran\u00e7aise en Ontario et du Jour des Franco-Ontariens, le Club Canadien de Toronto recevait \u00e0 son d\u00e9jeuner d\u2019affaires du 22 septembre la procureure g\u00e9n\u00e9rale et ministre d\u00e9l\u00e9gu\u00e9e aux Affaires francophones, Madeleine Meilleur. Le th\u00e8me de sa conf\u00e9rence : Qui seront les nouveaux \u00ab explorateurs \u00bb&nbsp;et porte-\u00e9tendards de la francophonie ontarienne de demain?<\/p>\n\n\n\n<p>La salle de bal de l\u2019H\u00f4tel Fairmont Royal York \u00e9tait remplie \u00e0 capacit\u00e9 pour cet \u00e9v\u00e9nement. La pr\u00e9sentation a d\u00e9but\u00e9 par une interpr\u00e9tation de l\u2019hymne de la francophonie ontarienne Mon beau drapeau par une vingtaine d\u2019\u00e9l\u00e8ves provenant des \u00e9coles Saint-Fr\u00e8re-Andr\u00e9 et Maison Montessori \u00e0 Toronto. C\u2019est ensuite Pierre Riopel, pr\u00e9sident du Coll\u00e8ge Bor\u00e9al et commanditaire principal du d\u00e9jeuner, qui a pr\u00e9sent\u00e9 la ministre qui a, d\u2019entr\u00e9e de jeu, remerci\u00e9 le Club Canadien pour \u00ab cette belle tribune \u00bb lui permettant de resserrer ses liens avec la communaut\u00e9 francophone de Toronto. &nbsp;<\/p>\n\n\n\n<p>\u00ab Ce qui me touche le plus des festivit\u00e9s du 400e, raconte Mme Meilleur, ce sont les jeunes des quatre coins de la province qui ont pris connaissance de cette grande histoire qui est la leur. Parce qu\u2019\u00eatre Franco-Ontarien, c\u2019est plus que de parler fran\u00e7ais en Ontario. Pour moi, c\u2019est le moment o\u00f9, en se tournant vers le pass\u00e9, on se rend compte de la profondeur de nos racines, et on se dit : notre arbre, il est bien plant\u00e9, il ne peut faire que pousser, toujours plus haut, toujours plus fort, contre vents et mar\u00e9es. C\u2019est ce moment que j\u2019esp\u00e9rais cr\u00e9er pour la province lorsqu\u2019en 2008, lors du 400e anniversaire de la ville de Qu\u00e9bec, j\u2019ai eu l\u2019id\u00e9e de c\u00e9l\u00e9brer en grand, de fa\u00e7on officielle, le 400e en Ontario. J\u2019ai toujours su que ce serait un investissement rentable de faire conna\u00eetre et briller la francophonie ontarienne. Et tous ensemble, nous l\u2019avons fait briller de mille feux notre francophonie. \u00bb<\/p>\n\n\n\n<p>Elle a f\u00e9licit\u00e9 TFO pour le Prix G\u00e9meaux re\u00e7u r\u00e9cemment pour la s\u00e9rie t\u00e9l\u00e9vis\u00e9e Le R\u00eave de Champlain, et a cit\u00e9 en exemple la reconstitution historique de l\u2019arriv\u00e9e de Champlain \u00e0 Penetanguishene en ao\u00fbt dernier, \u00ab un \u00e9v\u00e9nement spectaculaire auquel ont assist\u00e9 Kathleen Wynne, le ministre Fournier du Qu\u00e9bec, la Nation Huron-Wendat, 200 dignitaires et des milliers de personnes \u00bb. Une soixantaine de projets locaux et r\u00e9gionaux ont re\u00e7u du financement de la province, dont la Franco-F\u00eate de Toronto et l\u2019\u00e9dition sp\u00e9ciale du Festival Franco \u00e0 Ottawa. Elle a invit\u00e9 les gens \u00e0 rester \u00e0 l\u2019\u00e9coute au cours des prochaines semaines pour d\u2019autres annonces d\u2019initiatives \u00ab structurantes \u00bb, une remise de plaque \u00e0 Honfleur, ville de d\u00e9part de Samuel de Champlain, et le gala de cl\u00f4ture du grand rassemblement de l\u2019AFO avec la remise des Prix de la francophonie.<\/p>\n\n\n\n<p>Elle a aussi parl\u00e9 de la r\u00e9silience des Franco-Ontariens en \u00e9ducation et dans les domaines de la sant\u00e9 et de la culture. \u00ab Pour moi, \u00e0 l\u2019image de Champlain, tous ces explorateurs de l\u2019Ontario fran\u00e7ais ont eu et continuent d\u2019avoir un profond impact sur l\u2019\u00e9panouissement de nos communaut\u00e9s, ainsi qu\u2019une influence positive et structurante sur les gouvernements, ajoute Mme Meilleur. Et nous, tous ici r\u00e9unis aujourd\u2019hui, sommes maintenant ces explorateurs. Chaque jour nous repoussons les limites de l\u2019Ontario fran\u00e7ais et contribuons \u00e0 \u00e9largir l\u2019horizon francophone dans la province. Je pense que l\u2019exploration francophone de l\u2019Ontario passe n\u00e9cessairement par l\u2019int\u00e9gration de nouveaux arrivants francophones, le renforcement continu de l\u2019\u00e9ducation en langue fran\u00e7aise, et l\u2019\u00e9tablissement de programmes universitaires en fran\u00e7ais, sous gouvernance francophone qui constitue l\u2019un des plus grands d\u00e9fis que nous devons&nbsp;relever. \u00bb<\/p>\n\n\n\n<p>Elle a insist\u00e9 sur les acquis en tant que communaut\u00e9, le don d\u2019innover, de s\u2019engager et de collaborer des francophones. \u00ab Mais ce que nous avons surtout, c\u2019est la soif de toujours aller plus loin, de toujours viser plus haut, de repousser les fronti\u00e8res et de toujours explorer plus loin. Mon souhait pour l\u2019exploration francophone de demain est que l\u2019on continue de travailler de fa\u00e7on solidaire et en grande synergie avec tous ceux et celles qui, chaque jour, choisissent de venir explorer l\u2019Ontario, comme l\u2019a fait Champlain en 1615. C\u2019est une francophonie dont nous devons \u00eatre fiers et que nous devons partager avec le monde. Tous ensemble, continuons de marcher d\u2019un pas ferme et d\u00e9termin\u00e9 sur les pas de Champlain afin de poursuivre son r\u00eave de construire une soci\u00e9t\u00e9 des plus progressistes, qui soit inclusive, fi\u00e8re de sa francophonie, et ouverte sur le monde \u00bb, conclut Madeleine Meilleur qui a \u00e9t\u00e9 chaudement applaudie. &nbsp; &nbsp; &nbsp; &nbsp;&nbsp;<\/p>\n\n\n\n<p>Photo:&nbsp;\u00ab Nous devons \u00eatre fiers de notre francophonie\u00bb, a fait valoir la ministre Meilleur.<\/p>\n","protected":false},"excerpt":{"rendered":"<p>Dans le cadre des activit\u00e9s de cette ann\u00e9e comm\u00e9morative du 400e anniversaire de la pr\u00e9sence fran\u00e7aise en Ontario et du Jour des Franco-Ontariens, le Club Canadien de Toronto recevait \u00e0 son d\u00e9jeuner d\u2019affaires du 22 septembre la procureure g\u00e9n\u00e9rale et ministre d\u00e9l\u00e9gu\u00e9e aux Affaires francophones, Madeleine Meilleur. Le th\u00e8me de sa conf\u00e9rence : Qui seront [&hellip;]<\/p>\n","protected":false},"author":2,"featured_media":547,"comment_status":"open","ping_status":"open","sticky":false,"template":"","format":"standard","meta":{"tdm_status":"","tdm_grid_status":"","footnotes":""},"categories":[1],"tags":[],"class_list":{"0":"post-546","1":"post","2":"type-post","3":"status-publish","4":"format-standard","5":"has-post-thumbnail","7":"category-uncategorized"},"_links":{"self":[{"href":"https:\/\/bonjourontario.ca\/index.php?rest_route=\/wp\/v2\/posts\/546","targetHints":{"allow":["GET"]}}],"collection":[{"href":"https:\/\/bonjourontario.ca\/index.php?rest_route=\/wp\/v2\/posts"}],"about":[{"href":"https:\/\/bonjourontario.ca\/index.php?rest_route=\/wp\/v2\/types\/post"}],"author":[{"embeddable":true,"href":"https:\/\/bonjourontario.ca\/index.php?rest_route=\/wp\/v2\/users\/2"}],"replies":[{"embeddable":true,"href":"https:\/\/bonjourontario.ca\/index.php?rest_route=%2Fwp%2Fv2%2Fcomments&post=546"}],"version-history":[{"count":1,"href":"https:\/\/bonjourontario.ca\/index.php?rest_route=\/wp\/v2\/posts\/546\/revisions"}],"predecessor-version":[{"id":548,"href":"https:\/\/bonjourontario.ca\/index.php?rest_route=\/wp\/v2\/posts\/546\/revisions\/548"}],"wp:featuredmedia":[{"embeddable":true,"href":"https:\/\/bonjourontario.ca\/index.php?rest_route=\/wp\/v2\/media\/547"}],"wp:attachment":[{"href":"https:\/\/bonjourontario.ca\/index.php?rest_route=%2Fwp%2Fv2%2Fmedia&parent=546"}],"wp:term":[{"taxonomy":"category","embeddable":true,"href":"https:\/\/bonjourontario.ca\/index.php?rest_route=%2Fwp%2Fv2%2Fcategories&post=546"},{"taxonomy":"post_tag","embeddable":true,"href":"https:\/\/bonjourontario.ca\/index.php?rest_route=%2Fwp%2Fv2%2Ftags&post=546"}],"curies":[{"name":"wp","href":"https:\/\/api.w.org\/{rel}","templated":true}]}}