{"id":552,"date":"2015-06-29T08:22:00","date_gmt":"2015-06-29T08:22:00","guid":{"rendered":"http:\/\/bonjourontario.com\/?p=552"},"modified":"2023-04-19T20:23:31","modified_gmt":"2023-04-19T20:23:31","slug":"20e-conference-ministerielle-sur-la-francophonie-canadienne","status":"publish","type":"post","link":"https:\/\/bonjourontario.ca\/?p=552","title":{"rendered":"20e Conf\u00e9rence minist\u00e9rielle sur la francophonie canadienne"},"content":{"rendered":"\n<p>Les 14 ministres responsables dans leur province ou territoire des Affaires francophones se sont r\u00e9unis \u00e0 Toronto les 16 et 17 juin derniers, \u00e0 l\u2019occasion de la 20e \u00e9dition de la Conf\u00e9rence minist\u00e9rielle sur la francophonie canadienne.&nbsp;<\/p>\n\n\n\n<p>Le th\u00e8me de la conf\u00e9rence 2015 \u00e9tait \u00ab porter bien haut le flambeau de la francophonie canadienne \u00bb. Cette conf\u00e9rence, lanc\u00e9e pour la premi\u00e8re fois en 1994, a pour but de mettre en place un \u00e9change et une collaboration intergouvernementale sur la francophonie canadienne. Cette ann\u00e9e, la conf\u00e9rence, qui s\u2019est tenue dans la capitale ontarienne, a \u00e9t\u00e9 pr\u00e9sid\u00e9e par la ministre d\u00e9l\u00e9gu\u00e9e aux Affaires francophones de l\u2019Ontario, Madeleine Meilleur, afin de marquer le 400e anniversaire de la pr\u00e9sence fran\u00e7aise dans la&nbsp;province.&nbsp;<\/p>\n\n\n\n<p>Pour la ministre Meilleur, cette collaboration minist\u00e9rielle porte ses fruits : \u00ab en partageant leurs pratiques exemplaires et en \u00e9changeant sur des sujets d\u2019importance pour les francophones d\u2019un bout \u00e0 l\u2019autre du pays, les provinces et les territoires peuvent cerner des champs d\u2019action pour assurer la p\u00e9rennit\u00e9 de la francophonie&nbsp;canadienne \u00bb.&nbsp;<\/p>\n\n\n\n<p>Parmi les sujets abord\u00e9s figuraient l\u2019immigration, le tourisme et les m\u00e9dias francophones. \u00ab C\u2019est un excellent moment pour se pencher sur plusieurs grands enjeux en mati\u00e8re de francophonie canadienne et pour s\u2019assurer que les francophones d\u2019un bout \u00e0 l\u2019autre du pays puissent continuer de s\u2019\u00e9panouir pleinement aujourd\u2019hui et pour l\u2019avenir \u00bb,&nbsp;a ajout\u00e9 la ministre Madeleine Meilleur.&nbsp;<\/p>\n\n\n\n<p>En mati\u00e8re de tourisme, les ministres ont cr\u00e9\u00e9 cette ann\u00e9e un comit\u00e9 de travail qui explorera les possibilit\u00e9s de collaboration sur des projets de nature touristique, y compris un concept de circuit touristique francophone. Conscients de l\u2019apport \u00e9conomique de l\u2019immigration francophone, les ministres encouragent le gouvernement f\u00e9d\u00e9ral \u00e0 prendre des actions sp\u00e9cifiques visant le recrutement d\u2019immigrants d\u2019expression fran\u00e7aise et souhaitent collaborer avec les ministres responsables en la mati\u00e8re. Ils souhaitent \u00e9galement renforcer le r\u00e9seautage entre les organismes et entrepreneurs \u00e9conomiques francophones.<\/p>\n\n\n\n<p>En ce qui concerne les m\u00e9dias francophones, les ministres ont soulign\u00e9 leur importance aupr\u00e8s de la communaut\u00e9 francophone, et ont tent\u00e9 de cerner les divers changements auxquels ils sont confront\u00e9s. Au sujet de la Soci\u00e9t\u00e9 Radio-Canada, la ministre Madeleine Meilleur et Jean-Marc Fournier, ministre responsable des Affaires intergouvernementales canadiennes et de la Francophonie canadienne, ont pr\u00e9sent\u00e9 une r\u00e9trospective de leurs d\u00e9marches et les r\u00e9sultats obtenus pour s\u2019assurer que le financement de la soci\u00e9t\u00e9 d\u2019\u00c9tat lui permette de r\u00e9aliser son mandat de radiodiffuseur public national, tel qu\u2019incomb\u00e9 par la Loi sur la radiodiffusion.&nbsp;<\/p>\n\n\n\n<p>L\u2019Ontario \u00e9tait au c\u0153ur des discussions avec le lancement officiel de ses activit\u00e9s en lien avec le 400e anniversaire de la pr\u00e9sence fran\u00e7aise sur son territoire, ainsi que la pr\u00e9sence des Jeux panam\u00e9ricains et parapanam\u00e9ricains cet \u00e9t\u00e9 \u00e0 Toronto.&nbsp;<\/p>\n\n\n\n<p>Une rencontre essentielle et prometteuse, qui s\u2019est donn\u00e9 comme cheval de bataille cette ann\u00e9e, l\u2019immigration francophone. L\u2019ann\u00e9e prochaine, la 21e Conf\u00e9rence minist\u00e9rielle sur la francophonie canadienne aura lieu les 22 et 23 juin \u00e0 Saint Jean \u00e0 Terre-Neuve-et-Labrador.<\/p>\n\n\n\n<p>Photo:&nbsp;Les ministres rassembl\u00e9s lors de la Conf\u00e9rence minist\u00e9rielle.<\/p>\n","protected":false},"excerpt":{"rendered":"<p>Les 14 ministres responsables dans leur province ou territoire des Affaires francophones se sont r\u00e9unis \u00e0 Toronto les 16 et 17 juin derniers, \u00e0 l\u2019occasion de la 20e \u00e9dition de la Conf\u00e9rence minist\u00e9rielle sur la francophonie canadienne.&nbsp; Le th\u00e8me de la conf\u00e9rence 2015 \u00e9tait \u00ab porter bien haut le flambeau de la francophonie canadienne \u00bb. [&hellip;]<\/p>\n","protected":false},"author":2,"featured_media":553,"comment_status":"open","ping_status":"open","sticky":false,"template":"","format":"standard","meta":{"tdm_status":"","tdm_grid_status":"","footnotes":""},"categories":[1],"tags":[],"class_list":{"0":"post-552","1":"post","2":"type-post","3":"status-publish","4":"format-standard","5":"has-post-thumbnail","7":"category-uncategorized"},"_links":{"self":[{"href":"https:\/\/bonjourontario.ca\/index.php?rest_route=\/wp\/v2\/posts\/552","targetHints":{"allow":["GET"]}}],"collection":[{"href":"https:\/\/bonjourontario.ca\/index.php?rest_route=\/wp\/v2\/posts"}],"about":[{"href":"https:\/\/bonjourontario.ca\/index.php?rest_route=\/wp\/v2\/types\/post"}],"author":[{"embeddable":true,"href":"https:\/\/bonjourontario.ca\/index.php?rest_route=\/wp\/v2\/users\/2"}],"replies":[{"embeddable":true,"href":"https:\/\/bonjourontario.ca\/index.php?rest_route=%2Fwp%2Fv2%2Fcomments&post=552"}],"version-history":[{"count":1,"href":"https:\/\/bonjourontario.ca\/index.php?rest_route=\/wp\/v2\/posts\/552\/revisions"}],"predecessor-version":[{"id":554,"href":"https:\/\/bonjourontario.ca\/index.php?rest_route=\/wp\/v2\/posts\/552\/revisions\/554"}],"wp:featuredmedia":[{"embeddable":true,"href":"https:\/\/bonjourontario.ca\/index.php?rest_route=\/wp\/v2\/media\/553"}],"wp:attachment":[{"href":"https:\/\/bonjourontario.ca\/index.php?rest_route=%2Fwp%2Fv2%2Fmedia&parent=552"}],"wp:term":[{"taxonomy":"category","embeddable":true,"href":"https:\/\/bonjourontario.ca\/index.php?rest_route=%2Fwp%2Fv2%2Fcategories&post=552"},{"taxonomy":"post_tag","embeddable":true,"href":"https:\/\/bonjourontario.ca\/index.php?rest_route=%2Fwp%2Fv2%2Ftags&post=552"}],"curies":[{"name":"wp","href":"https:\/\/api.w.org\/{rel}","templated":true}]}}