{"id":558,"date":"2015-04-07T08:24:00","date_gmt":"2015-04-07T08:24:00","guid":{"rendered":"http:\/\/bonjourontario.com\/?p=558"},"modified":"2023-04-19T20:26:26","modified_gmt":"2023-04-19T20:26:26","slug":"nicole-lemieux-entre-en-fonction-au-bureau-du-quebec-a-toronto","status":"publish","type":"post","link":"https:\/\/bonjourontario.ca\/?p=558","title":{"rendered":"Nicole Lemieux entre en fonction au Bureau du Qu\u00e9bec \u00e0 Toronto"},"content":{"rendered":"\n<p>Priv\u00e9 de chef de poste pendant six mois, le Bureau du Qu\u00e9bec \u00e0 Toronto se dote d\u2019un nouveau visage au sommet de sa hi\u00e9rarchie. Il s\u2019agit en effet de Nicole Lemieux, qui \u00e9tait jusqu\u2019alors sous-ministre adjointe des politiques et du soutien \u00e0 la gestion au minist\u00e8re qu\u00e9b\u00e9cois de l\u2019\u00c9ducation, du Loisir et du&nbsp;Sport.&nbsp;<\/p>\n\n\n\n<p>Habitu\u00e9e des services publics, elle a \u00e9galement travaill\u00e9 au minist\u00e8re de la Sant\u00e9 et des Services sociaux ainsi qu\u2019au minist\u00e8re des Affaires municipales et des R\u00e9gions en tant que directrice d\u2019une branche particuli\u00e8re. Dipl\u00f4m\u00e9e en administration et politiques scolaires \u00e0 l\u2019Universit\u00e9 Laval de Qu\u00e9bec, elle a \u00e9galement \u0153uvr\u00e9 dans le domaine des statistiques, de la recherche et de l\u2019enseignement. Un large \u00e9ventail de comp\u00e9tences donc qui devraient faire honneur \u00e0 la Belle province. Rappelons que sa nouvelle mission lui conf\u00e8re la d\u00e9fense ainsi que la promotion des int\u00e9r\u00eats du Qu\u00e9bec en Ontario.<\/p>\n\n\n\n<p>Entr\u00e9e en fonction le lundi 23 mars dans les nouveaux bureaux de l\u2019organisme situ\u00e9s au 400 avenue University, Mme Lemieux succ\u00e8de \u00e0 Vicky Tr\u00e9panier.<\/p>\n","protected":false},"excerpt":{"rendered":"<p>Priv\u00e9 de chef de poste pendant six mois, le Bureau du Qu\u00e9bec \u00e0 Toronto se dote d\u2019un nouveau visage au sommet de sa hi\u00e9rarchie. Il s\u2019agit en effet de Nicole Lemieux, qui \u00e9tait jusqu\u2019alors sous-ministre adjointe des politiques et du soutien \u00e0 la gestion au minist\u00e8re qu\u00e9b\u00e9cois de l\u2019\u00c9ducation, du Loisir et du&nbsp;Sport.&nbsp; Habitu\u00e9e des [&hellip;]<\/p>\n","protected":false},"author":2,"featured_media":559,"comment_status":"open","ping_status":"open","sticky":false,"template":"","format":"standard","meta":{"tdm_status":"","tdm_grid_status":"","footnotes":""},"categories":[1],"tags":[],"class_list":{"0":"post-558","1":"post","2":"type-post","3":"status-publish","4":"format-standard","5":"has-post-thumbnail","7":"category-uncategorized"},"_links":{"self":[{"href":"https:\/\/bonjourontario.ca\/index.php?rest_route=\/wp\/v2\/posts\/558","targetHints":{"allow":["GET"]}}],"collection":[{"href":"https:\/\/bonjourontario.ca\/index.php?rest_route=\/wp\/v2\/posts"}],"about":[{"href":"https:\/\/bonjourontario.ca\/index.php?rest_route=\/wp\/v2\/types\/post"}],"author":[{"embeddable":true,"href":"https:\/\/bonjourontario.ca\/index.php?rest_route=\/wp\/v2\/users\/2"}],"replies":[{"embeddable":true,"href":"https:\/\/bonjourontario.ca\/index.php?rest_route=%2Fwp%2Fv2%2Fcomments&post=558"}],"version-history":[{"count":1,"href":"https:\/\/bonjourontario.ca\/index.php?rest_route=\/wp\/v2\/posts\/558\/revisions"}],"predecessor-version":[{"id":560,"href":"https:\/\/bonjourontario.ca\/index.php?rest_route=\/wp\/v2\/posts\/558\/revisions\/560"}],"wp:featuredmedia":[{"embeddable":true,"href":"https:\/\/bonjourontario.ca\/index.php?rest_route=\/wp\/v2\/media\/559"}],"wp:attachment":[{"href":"https:\/\/bonjourontario.ca\/index.php?rest_route=%2Fwp%2Fv2%2Fmedia&parent=558"}],"wp:term":[{"taxonomy":"category","embeddable":true,"href":"https:\/\/bonjourontario.ca\/index.php?rest_route=%2Fwp%2Fv2%2Fcategories&post=558"},{"taxonomy":"post_tag","embeddable":true,"href":"https:\/\/bonjourontario.ca\/index.php?rest_route=%2Fwp%2Fv2%2Ftags&post=558"}],"curies":[{"name":"wp","href":"https:\/\/api.w.org\/{rel}","templated":true}]}}