{"id":627,"date":"2014-04-14T01:38:00","date_gmt":"2014-04-14T01:38:00","guid":{"rendered":"http:\/\/bonjourontario.com\/?p=627"},"modified":"2023-04-21T20:28:30","modified_gmt":"2023-04-21T20:28:30","slug":"rob-ford-lance-sa-campagne-des-francophones-de-toronto-craignent-sa-reelection","status":"publish","type":"post","link":"https:\/\/bonjourontario.ca\/?p=627","title":{"rendered":"Rob Ford lance sa campagne : des francophones de Toronto craignent sa r\u00e9\u00e9lection"},"content":{"rendered":"\n<p>Rob Ford a lanc\u00e9 officiellement sa campagne \u00e9lectorale, le jeudi 17 avril, en vue du scrutin municipal de l\u2019automne, mais bon nombre d\u2019acteurs francophones de la Ville reine craignent la r\u00e9\u00e9lection de celui qui, selon eux, a fait reculer la francophonie torontoise.&nbsp;<\/p>\n\n\n\n<p>Le 25 septembre 2010, en pleine campagne \u00e9lectorale \u00e0 la mairie, les francophones de l\u2019Ontario ont v\u00e9cu un moment historique. Le Jour des Franco-Ontariens a \u00e9t\u00e9 officialis\u00e9 par l\u2019Assembl\u00e9e l\u00e9gislative et pour marquer le coup, le drapeau blanc et vert des francophones allait \u00eatre hiss\u00e9 devant l\u2019h\u00f4tel de ville de Toronto.&nbsp;<\/p>\n\n\n\n<p>L\u2019\u00e9v\u00e9nement rev\u00eatait une symbolique particuli\u00e8re pour les acteurs francophones de la Ville reine, qui avaient invit\u00e9 Rob Ford \u00e0 y assister.&nbsp;La pr\u00e9sidente de l\u2019\u00e9poque du Comit\u00e9 fran\u00e7ais de la Ville de Toronto (CFVT), Clarisse Ngana, se souvient toutefois d\u2019avoir re\u00e7u une fin de non-recevoir du futur maire.&nbsp;<\/p>\n\n\n\n<p>Cela allait mettre la table \u00e0 quatre ann\u00e9es difficiles dans les relations entre les organismes francophones de Toronto et l\u2019administration Ford. Un mandat marqu\u00e9 par un recul \u00e9vident pour les francophones, affirment d\u2019une seule voix des acteurs impliqu\u00e9s dans la communaut\u00e9.&nbsp;<\/p>\n\n\n\n<p>Le CFVT, qui conseillait la Ville sur les services qu\u2019elle offre aux francophones, a vu son budget r\u00e9duit \u00e0 n\u00e9ant quelques mois apr\u00e8s l\u2019\u00e9lection de Rob Ford. Il \u00e9tait au nombre des organisations municipales qualifi\u00e9es de \u00ab superflues \u00bb dans un rapport sur les finances publiques command\u00e9 par le maire \u00e0 une firme&nbsp;priv\u00e9e. \u00ab Rob Ford, ami des francophones? S\u2019il avait eu un peu de respect pour la francophonie canadienne, il n\u2019aurait pas mis ce comit\u00e9 sur la glace. Il n\u2019a jamais cru aux francophones de Toronto. Le bilinguisme, c\u2019est comme les deux bras du corps qui travaillent ensemble. Lui, il a coup\u00e9 un bras \u00bb, illustre Mme Ngana, qui dirigeait le Comit\u00e9 avec un budget annuel de 13 000 $.&nbsp;<\/p>\n\n\n\n<p>Photo :&nbsp;Le maire de Toronto lors du grand rassemblement au Palais des congr\u00e8s \u00e0 Etobicoke<\/p>\n","protected":false},"excerpt":{"rendered":"<p>Rob Ford a lanc\u00e9 officiellement sa campagne \u00e9lectorale, le jeudi 17 avril, en vue du scrutin municipal de l\u2019automne, mais bon nombre d\u2019acteurs francophones de la Ville reine craignent la r\u00e9\u00e9lection de celui qui, selon eux, a fait reculer la francophonie torontoise.&nbsp; Le 25 septembre 2010, en pleine campagne \u00e9lectorale \u00e0 la mairie, les francophones [&hellip;]<\/p>\n","protected":false},"author":2,"featured_media":628,"comment_status":"open","ping_status":"open","sticky":false,"template":"","format":"standard","meta":{"tdm_status":"","tdm_grid_status":"","footnotes":""},"categories":[1],"tags":[],"class_list":{"0":"post-627","1":"post","2":"type-post","3":"status-publish","4":"format-standard","5":"has-post-thumbnail","7":"category-uncategorized"},"_links":{"self":[{"href":"https:\/\/bonjourontario.ca\/index.php?rest_route=\/wp\/v2\/posts\/627","targetHints":{"allow":["GET"]}}],"collection":[{"href":"https:\/\/bonjourontario.ca\/index.php?rest_route=\/wp\/v2\/posts"}],"about":[{"href":"https:\/\/bonjourontario.ca\/index.php?rest_route=\/wp\/v2\/types\/post"}],"author":[{"embeddable":true,"href":"https:\/\/bonjourontario.ca\/index.php?rest_route=\/wp\/v2\/users\/2"}],"replies":[{"embeddable":true,"href":"https:\/\/bonjourontario.ca\/index.php?rest_route=%2Fwp%2Fv2%2Fcomments&post=627"}],"version-history":[{"count":1,"href":"https:\/\/bonjourontario.ca\/index.php?rest_route=\/wp\/v2\/posts\/627\/revisions"}],"predecessor-version":[{"id":629,"href":"https:\/\/bonjourontario.ca\/index.php?rest_route=\/wp\/v2\/posts\/627\/revisions\/629"}],"wp:featuredmedia":[{"embeddable":true,"href":"https:\/\/bonjourontario.ca\/index.php?rest_route=\/wp\/v2\/media\/628"}],"wp:attachment":[{"href":"https:\/\/bonjourontario.ca\/index.php?rest_route=%2Fwp%2Fv2%2Fmedia&parent=627"}],"wp:term":[{"taxonomy":"category","embeddable":true,"href":"https:\/\/bonjourontario.ca\/index.php?rest_route=%2Fwp%2Fv2%2Fcategories&post=627"},{"taxonomy":"post_tag","embeddable":true,"href":"https:\/\/bonjourontario.ca\/index.php?rest_route=%2Fwp%2Fv2%2Ftags&post=627"}],"curies":[{"name":"wp","href":"https:\/\/api.w.org\/{rel}","templated":true}]}}