{"id":636,"date":"2014-02-21T01:43:00","date_gmt":"2014-02-21T01:43:00","guid":{"rendered":"http:\/\/bonjourontario.com\/?p=636"},"modified":"2023-04-21T01:44:18","modified_gmt":"2023-04-21T01:44:18","slug":"nelson-mandela-quel-heritage-laisse-le-pere-de-lafrique-du-sud","status":"publish","type":"post","link":"https:\/\/bonjourontario.ca\/?p=636","title":{"rendered":"Nelson Mandela\u00a0: quel h\u00e9ritage laisse le p\u00e8re de l\u2019Afrique du Sud?"},"content":{"rendered":"\n<p>Premier pr\u00e9sident noir de l\u2019Afrique du Sud et symbole de la victoire contre l\u2019Apartheid, Nelson Mandela est d\u00e9c\u00e9d\u00e9 le 5 d\u00e9cembre dernier \u00e0 Johannesburg entour\u00e9 de sa famille. Ses valeurs, le combat qu\u2019il a men\u00e9 avec abn\u00e9gation tout au long de sa vie, sont aujourd\u2019hui unanimement c\u00e9l\u00e9br\u00e9es dans le monde entier. \u00ab Il a pr\u00each\u00e9 et mis en pratique la r\u00e9conciliation \u00bb, a rappel\u00e9 le pr\u00e9sident sud-africain Jacob Zuma, lors d\u2019une c\u00e9r\u00e9monie dans une \u00e9glise m\u00e9thodiste, en appelant ses concitoyens \u00e0 faire vivre cet h\u00e9ritage&nbsp;d\u2019unit\u00e9.&nbsp;<\/p>\n\n\n\n<p>Son discours, prononc\u00e9 le 11 f\u00e9vrier 1990 d\u00e8s sa sortie de prison, apr\u00e8s plus d\u2019un quart de si\u00e8cle d\u2019incarc\u00e9ration \u00e0 Robben Island, avait profond\u00e9ment marqu\u00e9. Pas de rancune ni de d\u00e9sir de vengeance dans ses propos, mais au contraire, ouverture, espoir et fraternit\u00e9. C\u2019est que rarement, un homme d\u2019\u00c9tat aura r\u00e9ussi \u00e0 faire l\u2019unanimit\u00e9 autour de ses qualit\u00e9s morales et de son engagement politique comme l\u2019a fait Rolihlahla (fauteur de troubles en Xhosa) du vrai pr\u00e9nom de Mandela.<\/p>\n\n\n\n<p>Fondateur et dirigeant de la branche militaire de l\u2019ANC en 1961, apr\u00e8s une lutte non-violente contre les lois de l\u2019apartheid mises en place \u00e0 partir de 1948, Nelson Mandela est arr\u00eat\u00e9 en 1962, sur indication de la CIA, alors qu\u2019il \u00e9tait d\u00e9guis\u00e9 en chauffeur de taxi. Accus\u00e9 d\u2019avoir organis\u00e9 une gr\u00e8ve et quitt\u00e9 ill\u00e9galement le pays, il est condamn\u00e9 \u00e0 cinq ans de prison. Alors qu\u2019il purge sa peine, une dizaine d\u2019autres membres de l\u2019ANC sont arr\u00eat\u00e9s \u00e0 leur tour. Mandela est lui aussi mis en cause et poursuivi pour accusations de \u00ab sabotages, de trahison, de liens avec le parti communiste sud-africain et de complot pour une invasion du pays par l\u2019\u00e9tranger \u00bb.<\/p>\n\n\n\n<p>Commence alors le \u00ab proc\u00e8s de Rivonia \u00bb le 9 octobre 1963. Le jeune avocat noir en ressort condamn\u00e9 \u00e0 la d\u00e9tention \u00e0 perp\u00e9tuit\u00e9 le 12 juin&nbsp;1964.<\/p>\n\n\n\n<p>Embastill\u00e9 dans l\u2019\u00eele prison de Robben Island sous le num\u00e9ro matricule 46 664, il y passera 18 de ses 27 ann\u00e9es de prison. Durant cette longue p\u00e9riode de d\u00e9tention, Nelson Mandela apprend l\u2019histoire des Afrikaners (groupe racial blanc de souche n\u00e9erlandaise, alors d\u00e9tenteur du pouvoir politique et \u00e9conomique) et leur langue, l\u2019afrikaans. Pour mieux comprendre la mentalit\u00e9 de l\u2019oppresseur. Ce sera l\u2019acte fondateur de sa politique de r\u00e9conciliation entre Noirs et Blancs.<\/p>\n\n\n\n<p>Face \u00e0 la pression internationale, de plus en plus croissante contre le r\u00e9gime de l\u2019apartheid, le gouvernement sud-africain finit par assouplir les conditions carc\u00e9rales de Mandela : le 7 d\u00e9cembre 1988, il est autoris\u00e9 \u00e0 regagner son domicile mais est assign\u00e9 \u00e0 r\u00e9sidence surveill\u00e9e.<\/p>\n\n\n\n<p>Au terme de n\u00e9gociations secr\u00e8tes avec les pr\u00e9sident Pieter Botha puis Frederik de Klerk, le plus c\u00e9l\u00e8bre des prisonniers au monde est enfin lib\u00e9r\u00e9 le 11 f\u00e9vrier 1990, \u00e9v\u00e9nement retransmis en direct sur la plan\u00e8te&nbsp;enti\u00e8re.<\/p>\n\n\n\n<p>Prix Nobel de la paix en 1993 avec le pr\u00e9sident Frederik de Klerk, Nelson Mandela acc\u00e8de, une ann\u00e9e plus tard, \u00e0 la magistrature supr\u00eame de la R\u00e9publique d\u2019Afrique du Sud \u00e0 la suite des premi\u00e8res \u00e9lections g\u00e9n\u00e9rales multiraciales du 27 avril 1994. Sa politique de r\u00e9conciliation nationale est une main tendue aux anciens oppresseurs, l\u00e0 o\u00f9 beaucoup \u00e0 sa place auraient nourri des vell\u00e9it\u00e9s de vengeance. Un geste in\u00e9dit qui ach\u00e8vera de faire de Mandela une l\u00e9gende vivante, une divinit\u00e9 plan\u00e9taire, un leader de la&nbsp;paix.<\/p>\n\n\n\n<p>Apr\u00e8s un seul bail de cinq ans, le premier pr\u00e9sident noir d\u2019Afrique du Sud renonce \u00e0 la charge supr\u00eame. Une geste d\u2019une grandeur politique certaine. Une le\u00e7on administr\u00e9e \u00e0 tous ses pairs du continent africain qui s\u2019accrochent contre vents et mar\u00e9es au pouvoir. \u00c0 tous les gouvernants qui caressaient des r\u00eaves de r\u00e8gne ad vitam aeternam, Nelson Mandela venait de se poser en anti-conscience.&nbsp;<\/p>\n\n\n\n<p>Le plus bel hommage que les Africains pourront rendre \u00e0 Nelson Mandela sera de perp\u00e9tuer son h\u00e9ritage moral et de d\u00e9fendre partout ses valeurs et ses id\u00e9es. La le\u00e7on de pardon, d\u2019humilit\u00e9, et d\u2019amour du prochain, c\u2019est encore lui Madiba, premier pr\u00e9sident noir de l\u2019Afrique du Sud, dont nombre d\u2019usuriers politiques pr\u00e9tendent s\u2019inspirer aujourd\u2019hui. Malgr\u00e9 tout, Blancs et Noirs restent encore souvent \u00e0 distance, et l\u2019Afrique du Sud contemporaine ne parvient pas \u00e0 mettre fin \u00e0 un \u00ab apartheid social \u00bb qui perdure.<\/p>\n\n\n\n<p>Tant qu\u2019il \u00e9tait en vie, et m\u00eame mourant, son aura naturelle et sa stature d\u2019autorit\u00e9 morale tenaient en bride les sentiments de r\u00e9volte dans un pays o\u00f9 la r\u00e9conciliation nationale n\u2019a pas \u00e9t\u00e9 suivie du d\u00e9veloppement \u00e9conomique et social escompt\u00e9. Ses compatriotes, qui le pleurent, sauront-ils s\u2019\u00e9lever au rang d\u2019h\u00e9ritiers de Mandela ou se contenteront-ils d\u2019\u00eatre ses p\u00e2les successeurs? Face \u00e0 cette kyrielle d\u2019interrogations, il semble que l\u2019Afrique du Sud, vient de perdre un \u00ab p\u00e8re \u00bb et le reste du monde, un&nbsp;rep\u00e8re.<\/p>\n","protected":false},"excerpt":{"rendered":"<p>Premier pr\u00e9sident noir de l\u2019Afrique du Sud et symbole de la victoire contre l\u2019Apartheid, Nelson Mandela est d\u00e9c\u00e9d\u00e9 le 5 d\u00e9cembre dernier \u00e0 Johannesburg entour\u00e9 de sa famille. Ses valeurs, le combat qu\u2019il a men\u00e9 avec abn\u00e9gation tout au long de sa vie, sont aujourd\u2019hui unanimement c\u00e9l\u00e9br\u00e9es dans le monde entier. \u00ab Il a pr\u00each\u00e9 [&hellip;]<\/p>\n","protected":false},"author":2,"featured_media":637,"comment_status":"open","ping_status":"open","sticky":false,"template":"","format":"standard","meta":{"tdm_status":"","tdm_grid_status":"","footnotes":""},"categories":[1],"tags":[],"class_list":{"0":"post-636","1":"post","2":"type-post","3":"status-publish","4":"format-standard","5":"has-post-thumbnail","7":"category-uncategorized"},"_links":{"self":[{"href":"https:\/\/bonjourontario.ca\/index.php?rest_route=\/wp\/v2\/posts\/636","targetHints":{"allow":["GET"]}}],"collection":[{"href":"https:\/\/bonjourontario.ca\/index.php?rest_route=\/wp\/v2\/posts"}],"about":[{"href":"https:\/\/bonjourontario.ca\/index.php?rest_route=\/wp\/v2\/types\/post"}],"author":[{"embeddable":true,"href":"https:\/\/bonjourontario.ca\/index.php?rest_route=\/wp\/v2\/users\/2"}],"replies":[{"embeddable":true,"href":"https:\/\/bonjourontario.ca\/index.php?rest_route=%2Fwp%2Fv2%2Fcomments&post=636"}],"version-history":[{"count":1,"href":"https:\/\/bonjourontario.ca\/index.php?rest_route=\/wp\/v2\/posts\/636\/revisions"}],"predecessor-version":[{"id":638,"href":"https:\/\/bonjourontario.ca\/index.php?rest_route=\/wp\/v2\/posts\/636\/revisions\/638"}],"wp:featuredmedia":[{"embeddable":true,"href":"https:\/\/bonjourontario.ca\/index.php?rest_route=\/wp\/v2\/media\/637"}],"wp:attachment":[{"href":"https:\/\/bonjourontario.ca\/index.php?rest_route=%2Fwp%2Fv2%2Fmedia&parent=636"}],"wp:term":[{"taxonomy":"category","embeddable":true,"href":"https:\/\/bonjourontario.ca\/index.php?rest_route=%2Fwp%2Fv2%2Fcategories&post=636"},{"taxonomy":"post_tag","embeddable":true,"href":"https:\/\/bonjourontario.ca\/index.php?rest_route=%2Fwp%2Fv2%2Ftags&post=636"}],"curies":[{"name":"wp","href":"https:\/\/api.w.org\/{rel}","templated":true}]}}