{"id":645,"date":"2014-02-11T01:47:00","date_gmt":"2014-02-11T01:47:00","guid":{"rendered":"http:\/\/bonjourontario.com\/?p=645"},"modified":"2023-04-21T01:49:39","modified_gmt":"2023-04-21T01:49:39","slug":"quelle-est-la-pertinence-de-celebrer-le-mois-de-lhistoire-des-noirs-en-2014","status":"publish","type":"post","link":"https:\/\/bonjourontario.ca\/?p=645","title":{"rendered":"Quelle est la pertinence de c\u00e9l\u00e9brer le Mois de l\u2019histoire des Noirs en 2014?"},"content":{"rendered":"\n<p>Au Canada, le Mois de l\u2019histoire des Noirs est c\u00e9l\u00e9br\u00e9 depuis d\u00e9cembre 1995, quand la d\u00e9put\u00e9e Jean Augustine a fait voter une motion sur la reconnaissance des Noirs \u00e0 la Chambre des communes du Canada. La ligue nationale des Noirs du Canada organise des \u00e9v\u00e9nements comm\u00e9moratifs, en rappelant notamment le chemin de fer clandestin. Mais apr\u00e8s 19 ans de nombreuses c\u00e9l\u00e9brations, d\u2019activit\u00e9s de sensibilisation \u00e0 l\u2019Histoire des Noirs autant dans les communaut\u00e9s diverses de l\u2019Ontario que dans les \u00e9coles, est-il toujours aussi pertinent d\u2019avoir encore tout un mois d\u00e9di\u00e9 \u00e0 ce th\u00e8me?<\/p>\n\n\n\n<p>Nous avons pos\u00e9 la question \u00e0 Bonaventure Otshudi, directeur des services d\u2019\u00e9tablissement au Centre de sant\u00e9 communautaire Hamilton-Niagara (CSCHN). M. Otshudi est originaire de la R\u00e9publique d\u00e9mocratique du Congo et a immigr\u00e9 au Canada en 1992. Il croit fermement en la n\u00e9cessit\u00e9 de persister \u00e0 \u00e9duquer les gens sur le cheminement du peuple noir et surtout \u00e0 souligner ses nombreuses r\u00e9alisations.&nbsp;<\/p>\n\n\n\n<p>\u00ab Le Mois de l\u2019histoire des Noirs est un devoir de m\u00e9moire pour la communaut\u00e9 noire du Canada. C\u2019est une occasion pour nous de se souvenir de l\u2019histoire des succ\u00e8s des Canadiens d\u2019origine noire et de souligner leur apport dans notre soci\u00e9t\u00e9. Par le biais de nos services d\u2019\u00e9tablissement et d\u2019adaptation, nous aidons les nouveaux arrivants \u00e0 s\u2019int\u00e9grer dans leur nouveau pays d\u2019accueil. \u00c9tant donn\u00e9 que l\u2019int\u00e9gration est un processus long et difficile, nos services d\u2019\u00e9tablissement aident ceux-ci vers une int\u00e9gration r\u00e9ussie dans notre milieu et dans la promotion de la citoyennet\u00e9 canadienne. Nos volets d\u2019activit\u00e9s sont entre autres des s\u00e9ances d\u2019information touchant des sujets qui contribuent \u00e0 l\u2019int\u00e9gration ad\u00e9quate des nouveaux arrivants. On parle ici des services de sant\u00e9, des syst\u00e8mes scolaires, de l\u2019emploi, du b\u00e9n\u00e9volat afin d\u2019acqu\u00e9rir de l\u2019exp\u00e9rience canadienne, et nous offrons aussi des ateliers de jumelage professionnels \u00bb, explique Bonaventure Otshudi.<\/p>\n\n\n\n<p>D\u2019ailleurs, pour c\u00e9l\u00e9brer cet h\u00e9ritage de la communaut\u00e9 noire de la r\u00e9gion, le CSCHN, en collaboration avec quelques partenaires communautaires, invitera le public \u00e0 une grande f\u00eate \u00e0 la fin du mois. \u00ab Il faut reconna\u00eetre les Noirs qui ont contribu\u00e9 \u00e0 l\u2019essor \u00e9conomique et sociale de ce pays. Nous pouvons citer par exemple les noms de Lincoln Alexander, Micha\u00eblle Jean et Jean Augustine. Il est toujours tr\u00e8s pertinent de reconna\u00eetre les efforts de ces Noirs qui marquent notre histoire au Canada et d\u2019en inspirer d\u2019autres. C\u2019est pourquoi nous organisons avec la communaut\u00e9, le 22 f\u00e9vrier prochain, une c\u00e9l\u00e9bration du Mois de l\u2019histoire des Noirs, une soir\u00e9e culturelle avec chants, danses, une conf\u00e9rence et de la cuisine multiculturelle. Nous sommes ravis de pouvoir compter sur la participation du groupe folklorique Akwaba Exchange de Toronto. Venez c\u00e9l\u00e9brer avec nous! \u00bb, conclut-il.&nbsp;<\/p>\n\n\n\n<p>Photo : Bonaventure Otshudi<\/p>\n","protected":false},"excerpt":{"rendered":"<p>Au Canada, le Mois de l\u2019histoire des Noirs est c\u00e9l\u00e9br\u00e9 depuis d\u00e9cembre 1995, quand la d\u00e9put\u00e9e Jean Augustine a fait voter une motion sur la reconnaissance des Noirs \u00e0 la Chambre des communes du Canada. La ligue nationale des Noirs du Canada organise des \u00e9v\u00e9nements comm\u00e9moratifs, en rappelant notamment le chemin de fer clandestin. Mais [&hellip;]<\/p>\n","protected":false},"author":2,"featured_media":646,"comment_status":"open","ping_status":"open","sticky":false,"template":"","format":"standard","meta":{"tdm_status":"","tdm_grid_status":"","footnotes":""},"categories":[1],"tags":[],"class_list":{"0":"post-645","1":"post","2":"type-post","3":"status-publish","4":"format-standard","5":"has-post-thumbnail","7":"category-uncategorized"},"_links":{"self":[{"href":"https:\/\/bonjourontario.ca\/index.php?rest_route=\/wp\/v2\/posts\/645","targetHints":{"allow":["GET"]}}],"collection":[{"href":"https:\/\/bonjourontario.ca\/index.php?rest_route=\/wp\/v2\/posts"}],"about":[{"href":"https:\/\/bonjourontario.ca\/index.php?rest_route=\/wp\/v2\/types\/post"}],"author":[{"embeddable":true,"href":"https:\/\/bonjourontario.ca\/index.php?rest_route=\/wp\/v2\/users\/2"}],"replies":[{"embeddable":true,"href":"https:\/\/bonjourontario.ca\/index.php?rest_route=%2Fwp%2Fv2%2Fcomments&post=645"}],"version-history":[{"count":1,"href":"https:\/\/bonjourontario.ca\/index.php?rest_route=\/wp\/v2\/posts\/645\/revisions"}],"predecessor-version":[{"id":647,"href":"https:\/\/bonjourontario.ca\/index.php?rest_route=\/wp\/v2\/posts\/645\/revisions\/647"}],"wp:featuredmedia":[{"embeddable":true,"href":"https:\/\/bonjourontario.ca\/index.php?rest_route=\/wp\/v2\/media\/646"}],"wp:attachment":[{"href":"https:\/\/bonjourontario.ca\/index.php?rest_route=%2Fwp%2Fv2%2Fmedia&parent=645"}],"wp:term":[{"taxonomy":"category","embeddable":true,"href":"https:\/\/bonjourontario.ca\/index.php?rest_route=%2Fwp%2Fv2%2Fcategories&post=645"},{"taxonomy":"post_tag","embeddable":true,"href":"https:\/\/bonjourontario.ca\/index.php?rest_route=%2Fwp%2Fv2%2Ftags&post=645"}],"curies":[{"name":"wp","href":"https:\/\/api.w.org\/{rel}","templated":true}]}}