{"id":867,"date":"2024-06-23T19:24:56","date_gmt":"2024-06-23T19:24:56","guid":{"rendered":"https:\/\/bonjourontario.ca\/?p=867"},"modified":"2024-08-07T19:31:49","modified_gmt":"2024-08-07T19:31:49","slug":"la-saint-jean-baptiste-se-transforme-dans-le-centre-sud-ouest","status":"publish","type":"post","link":"https:\/\/bonjourontario.ca\/?p=867","title":{"rendered":"La Saint-Jean-Baptiste se transforme dans le Centre-Sud-Ouest"},"content":{"rendered":"\n<p><strong>Alexia Grousson<\/strong><\/p>\n\n\n\n<p>Dans le Centre-Sud-Ouest, plusieurs villes ont annonc\u00e9 une programmation diversifi\u00e9e pour c\u00e9l\u00e9brer la Saint-Jean-Baptiste. Compte tenu de la diversit\u00e9 de la communaut\u00e9 francophone, certains organismes ont m\u00eame choisi, au cours des derni\u00e8res ann\u00e9es, de renommer cette f\u00eate traditionnelle canadienne-fran\u00e7aise.<\/p>\n\n\n\n<p>C\u2019est le cas par exemple \u00e0 London&nbsp;: \u00ab&nbsp;Notre communaut\u00e9 aime se rassembler pour renforcer ses liens et c\u00e9l\u00e9brer la richesse de la Francophonie. Pour nous, la Saint-Jean-Baptiste faisait trop r\u00e9f\u00e9rence \u00e0 une f\u00eate religieuse. Nous avons chang\u00e9 ce nom pour <em>F\u00eate Franco-Fun<\/em> afin de la rendre plus inclusive&nbsp;\u00bb, relate Fran\u00e7ois Kodji, agent culturel au Carrefour communautaire francophone de London.<\/p>\n\n\n\n<p>Partageant la m\u00eame id\u00e9e, C\u00e9line Corve, coordonnatrice de l\u2019Association des francophones de Kitchener-Waterloo, explique&nbsp;: \u00ab&nbsp;Cette f\u00eate a une connotation et un attachement important pour les Qu\u00e9b\u00e9cois car elle est issue de leur province. Ici, nous sommes en Ontario, nous avons donc d\u00e9cid\u00e9 de l\u2019appeler autrement et nous avons choisi le terme <em>Franco-F\u00eate<\/em>.&nbsp;\u00bb<\/p>\n\n\n\n<p>Quant \u00e0 Alain Beaudoin, pr\u00e9sident de l\u2019Association des francophones de la r\u00e9gion de York, il d\u00e9clare&nbsp;: \u00ab&nbsp;Nous manquons d\u2019occasion pour c\u00e9l\u00e9brer la Francophonie dans notre r\u00e9gion alors la Saint-Jean est l\u2019une de ces opportunit\u00e9s que nous attendons avec impatience. Nous lui faisons un clin d\u2019\u0153il mais nous souhaitons int\u00e9grer les francophones au sens large et toucher plus de cultures. C\u2019est pourquoi chez nous, c\u2019est la <em>F\u00eate de la Francophonie<\/em>.&nbsp;\u00bb<\/p>\n\n\n\n<p>Du m\u00eame avis, Julie Jardel du Centre francophone Hamilton ajoute&nbsp;: \u00ab&nbsp;Le 24&nbsp;juin est un \u00e9v\u00e9nement culturel marquant pour tous les francophones du pays, peu importe leur province. \u00c0 Hamilton, nous voulions c\u00e9l\u00e9brer toutes les facettes de cette f\u00eate mais avec un style diff\u00e9rent. Nous l\u2019avons transform\u00e9e en un festival de trois jours mettant en vedette des artistes franco-ontariens. C\u2019est pour cela que nous l\u2019appelons <em>Franco-FEST<\/em>.&nbsp;\u00bb<\/p>\n\n\n\n<p>Certains organismes ont quant \u00e0 eux fait le choix de maintenir son appellation d\u2019origine, berceau de son histoire et de sa culture.<\/p>\n\n\n\n<p>\u00ab&nbsp;Pour moi qui suis Qu\u00e9b\u00e9coise, la Saint-Jean-Baptiste est un \u00e9v\u00e9nement culturel traditionnel depuis mon enfance. En plus d\u2019\u00eatre la f\u00eate nationale du Qu\u00e9bec, c\u2019est un hommage et une c\u00e9l\u00e9bration importante de la Francophonie o\u00f9 la communaut\u00e9 collabore et rayonne ensemble&nbsp;\u00bb, commente Tanya Tamilio, la pr\u00e9sidente du Centre communautaire francophone de Sarnia-Lambton.<\/p>\n\n\n\n<p>Pour ajouter \u00e0 ces propos, Jean Chartrand, membre du Centre communautaire Le Griffon poursuit&nbsp;: \u00ab&nbsp;C\u00e9l\u00e9brer ce grand \u00e9v\u00e9nement empreint de culture et d\u2019histoire est tr\u00e8s important pour la communaut\u00e9 francophone du Niagara. Nous y cr\u00e9ons un moment familial pour donner go\u00fbt \u00e0 la jeunesse d\u2019apprendre et d\u2019aimer nos traditions. Nous esp\u00e9rons qu\u2019ils prendront la suite du flambeau et le passeront \u00e0 la prochaine g\u00e9n\u00e9ration.&nbsp;\u00bb<\/p>\n\n\n\n<p>Pour sa part, la directrice g\u00e9n\u00e9rale du Centre communautaire francophone de Windsor-Essex-Kent, Yasmine Joheir, confie&nbsp;: \u00ab&nbsp;Cette ann\u00e9e, nous avons gard\u00e9 le titre de la Saint-Jean-Baptiste pour notre \u00e9v\u00e9nement, mais le format va changer. La journ\u00e9e sera ax\u00e9e sur une f\u00eate champ\u00eatre. L\u2019id\u00e9e de changer le nom de la c\u00e9l\u00e9bration est une chose \u00e0 laquelle nous pensons pour les prochaines ann\u00e9es, mais rien n\u2019est encore d\u00e9cid\u00e9. Si cela arrive, ce sera pour un titre qui inclut davantage les diverses nationalit\u00e9s de la Francophonie.&nbsp;\u00bb<\/p>\n\n\n\n<p>La Saint-Jean-Baptiste est donc une f\u00eate riche en histoire et en signification. Elle est ancr\u00e9e dans la tradition francophone, c\u00e9l\u00e9brant principalement la culture et la fiert\u00e9 des Qu\u00e9b\u00e9cois. Peu importe son intitul\u00e9, elle demeure une c\u00e9l\u00e9bration que des millions de francophones partout au pays attendent et accueillent avec enthousiasme et fiert\u00e9 chaque ann\u00e9e.<\/p>\n\n\n\n<p><strong>Photo<\/strong> (archives Le R\u00e9gional)\u00a0: \u00c0 Hamilton, il s&#8217;agira de la <em>Franco-FEST<\/em>.<\/p>\n","protected":false},"excerpt":{"rendered":"<p>Alexia Grousson Dans le Centre-Sud-Ouest, plusieurs villes ont annonc\u00e9 une programmation diversifi\u00e9e pour c\u00e9l\u00e9brer la Saint-Jean-Baptiste. Compte tenu de la diversit\u00e9 de la communaut\u00e9 francophone, certains organismes ont m\u00eame choisi, au cours des derni\u00e8res ann\u00e9es, de renommer cette f\u00eate traditionnelle canadienne-fran\u00e7aise. C\u2019est le cas par exemple \u00e0 London&nbsp;: \u00ab&nbsp;Notre communaut\u00e9 aime se rassembler pour renforcer [&hellip;]<\/p>\n","protected":false},"author":4,"featured_media":868,"comment_status":"open","ping_status":"open","sticky":false,"template":"","format":"standard","meta":{"tdm_status":"","tdm_grid_status":"","footnotes":""},"categories":[1],"tags":[],"class_list":{"0":"post-867","1":"post","2":"type-post","3":"status-publish","4":"format-standard","5":"has-post-thumbnail","7":"category-uncategorized"},"_links":{"self":[{"href":"https:\/\/bonjourontario.ca\/index.php?rest_route=\/wp\/v2\/posts\/867","targetHints":{"allow":["GET"]}}],"collection":[{"href":"https:\/\/bonjourontario.ca\/index.php?rest_route=\/wp\/v2\/posts"}],"about":[{"href":"https:\/\/bonjourontario.ca\/index.php?rest_route=\/wp\/v2\/types\/post"}],"author":[{"embeddable":true,"href":"https:\/\/bonjourontario.ca\/index.php?rest_route=\/wp\/v2\/users\/4"}],"replies":[{"embeddable":true,"href":"https:\/\/bonjourontario.ca\/index.php?rest_route=%2Fwp%2Fv2%2Fcomments&post=867"}],"version-history":[{"count":1,"href":"https:\/\/bonjourontario.ca\/index.php?rest_route=\/wp\/v2\/posts\/867\/revisions"}],"predecessor-version":[{"id":869,"href":"https:\/\/bonjourontario.ca\/index.php?rest_route=\/wp\/v2\/posts\/867\/revisions\/869"}],"wp:featuredmedia":[{"embeddable":true,"href":"https:\/\/bonjourontario.ca\/index.php?rest_route=\/wp\/v2\/media\/868"}],"wp:attachment":[{"href":"https:\/\/bonjourontario.ca\/index.php?rest_route=%2Fwp%2Fv2%2Fmedia&parent=867"}],"wp:term":[{"taxonomy":"category","embeddable":true,"href":"https:\/\/bonjourontario.ca\/index.php?rest_route=%2Fwp%2Fv2%2Fcategories&post=867"},{"taxonomy":"post_tag","embeddable":true,"href":"https:\/\/bonjourontario.ca\/index.php?rest_route=%2Fwp%2Fv2%2Ftags&post=867"}],"curies":[{"name":"wp","href":"https:\/\/api.w.org\/{rel}","templated":true}]}}